{"id":469,"date":"2025-10-16T19:02:16","date_gmt":"2025-10-16T19:02:16","guid":{"rendered":"https:\/\/www.nomilinea.com\/blogcms\/?p=469"},"modified":"2026-01-13T22:37:16","modified_gmt":"2026-01-13T22:37:16","slug":"que-es-la-prima-de-riesgo","status":"publish","type":"post","link":"https:\/\/www.nomilinea.com\/blogcms\/que-es-la-prima-de-riesgo\/","title":{"rendered":"Prima de riesgo de trabajo del IMSS: Qu\u00e9 es y c\u00f3mo se calcula"},"content":{"rendered":"\n<p>La <strong>prima de riesgo de trabajo del IMSS<\/strong> es un indicador que determina el porcentaje que cada empresa debe pagar al Instituto Mexicano del Seguro Social (IMSS) por concepto del Seguro de Riesgos de Trabajo. Este porcentaje se basa en la probabilidad de accidentes o enfermedades laborales que pueden ocurrir seg\u00fan la actividad econ\u00f3mica de la empresa.<\/p>\n\n\n\n<p>Calcular correctamente la <strong>prima de riesgo de trabajo<\/strong> es fundamental, ya que influye directamente en el monto de las cuotas patronales. Cada a\u00f1o, las empresas deben revisar su nivel de riesgo y presentar ante el IMSS la prima de riesgo, ajust\u00e1ndola si ha habido cambios en el n\u00famero de incidentes o trabajadores expuestos.<\/p>\n\n\n\n<p>En este art\u00edculo te explicaremos <strong>qu\u00e9 es la prima de riesgo<\/strong>, <strong>c\u00f3mo se calcula paso a paso<\/strong>, <strong>cu\u00e1ndo debe presentarse<\/strong> y por qu\u00e9 es tan importante mantenerla actualizada para cumplir con tus obligaciones patronales y evitar multas.&nbsp;<\/p>\n\n\n\n<figure class=\"wp-block-image size-large wp-duotone-unset-1\"><a href=\"https:\/\/www.nomilinea.com\/registro_demo\/?utm_source=blog&amp;utm_medium=organic&amp;utm_campaign=blog_nomilinea&amp;hsLang=es\" target=\"_blank\" rel=\" noreferrer noopener\"><img loading=\"lazy\" decoding=\"async\" width=\"1024\" height=\"477\" src=\"https:\/\/www.nomilinea.com\/blogcms\/wp-content\/uploads\/2025\/11\/demo-de-software-de-nomina-1024x477.webp\" alt=\"\" class=\"wp-image-560\" srcset=\"https:\/\/www.nomilinea.com\/blogcms\/wp-content\/uploads\/2025\/11\/demo-de-software-de-nomina-1024x477.webp 1024w, https:\/\/www.nomilinea.com\/blogcms\/wp-content\/uploads\/2025\/11\/demo-de-software-de-nomina-300x140.webp 300w, https:\/\/www.nomilinea.com\/blogcms\/wp-content\/uploads\/2025\/11\/demo-de-software-de-nomina-768x358.webp 768w, https:\/\/www.nomilinea.com\/blogcms\/wp-content\/uploads\/2025\/11\/demo-de-software-de-nomina.webp 1200w\" sizes=\"auto, (max-width: 1024px) 100vw, 1024px\" \/><\/a><\/figure>\n\n\n\n<h2 class=\"wp-block-heading\"><strong>\u00bfQu\u00e9 es la prima de riesgo de trabajo y para qu\u00e9 sirve?<\/strong><\/h2>\n\n\n\n<p>Es el porcentaje que el patr\u00f3n paga al <strong>Instituto Mexicano del Seguro Social <\/strong>para cubrir los accidentes y enfermedades que los trabajadores puedan sufrir durante sus actividades laborales. Este pago forma parte de las <strong>cuotas patronales del Seguro de Riesgos de Trabajo<\/strong>, y su monto depende del tipo de actividad econ\u00f3mica que realiza la empresa.<\/p>\n\n\n\n<p>En otras palabras, la <strong>prima de riesgo en el IMSS<\/strong> permite al Instituto calcular cu\u00e1nto debe aportar cada patr\u00f3n al fondo de riesgos laborales. Cuanto mayor sea el nivel de exposici\u00f3n al riesgo, mayor ser\u00e1 la prima asignada. Por ejemplo, una oficina administrativa pagar\u00e1 menos que una empresa de construcci\u00f3n o manufactura.<\/p>\n\n\n\n<p>El objetivo de esta prima es <strong>fomentar la prevenci\u00f3n de accidentes<\/strong> y promover entornos laborales seguros. Si una empresa logra reducir los incidentes en el trabajo, su <strong>prima media de riesgo de trabajo<\/strong> puede disminuir en el siguiente c\u00e1lculo anual, reflejando una mejora en sus condiciones de seguridad.<\/p>\n\n\n\n<h2 class=\"wp-block-heading\"><strong>Tipos de prima de riesgo de trabajo<\/strong><\/h2>\n\n\n\n<p>El IMSS clasifica a las empresas seg\u00fan la actividad econ\u00f3mica que desarrollan, ya que no todos los trabajos presentan el mismo nivel de peligro o exposici\u00f3n a accidentes. Esta clasificaci\u00f3n permite determinar la prima de riesgo<strong> <\/strong>que corresponde a cada patr\u00f3n, la cual influye directamente en el c\u00e1lculo de las <strong>cuotas del Seguro de Riesgos de Trabajo<\/strong>.<\/p>\n\n\n\n<p>Existen <strong>cinco clases de riesgo<\/strong> que van desde el nivel m\u00e1s bajo (actividades administrativas) hasta el m\u00e1s alto (miner\u00eda o industria pesada). Cada clase tiene asignado un porcentaje de prima media de riesgo de trabajo, que puede aumentar o disminuir dependiendo del historial de accidentes o enfermedades laborales dentro de la empresa.<\/p>\n\n\n\n<p>A continuaci\u00f3n, te mostramos las clases de riesgo establecidas por el <strong>Instituto Mexicano del Seguro Social (IMSS)<\/strong> y los porcentajes correspondientes:<\/p>\n\n\n\n<figure class=\"wp-block-table\"><table class=\"has-fixed-layout\"><tbody><tr><td><strong>Clase de Riesgo<\/strong><\/td><td><strong>Actividades T\u00edpicas<\/strong><\/td><td><strong>Prima de Riesgo (%)<\/strong><\/td><\/tr><tr><td><strong>Clase I<\/strong><\/td><td>Oficinas, servicios profesionales<\/td><td>0.54355<\/td><\/tr><tr><td><strong>Clase II<\/strong><\/td><td>Industria ligera, f\u00e1bricas de alimentos<\/td><td>1.13065<\/td><\/tr><tr><td><strong>Clase III<\/strong><\/td><td>Manufactura, talleres, textiles<\/td><td>2.59840<\/td><\/tr><tr><td><strong>Clase IV<\/strong><\/td><td>Construcci\u00f3n, transporte<\/td><td>4.65325<\/td><\/tr><tr><td><strong>Clase V<\/strong><\/td><td>Miner\u00eda, industria pesada<\/td><td>7.58875<\/td><\/tr><\/tbody><\/table><\/figure>\n\n\n\n<p><em><strong>Fuente:<\/strong> Art\u00edculo 73 del Reglamento de la Ley del Seguro Social en materia de Afiliaci\u00f3n, Clasificaci\u00f3n de Empresas, Recaudaci\u00f3n y Fiscalizaci\u00f3n.<\/em><\/p>\n\n\n\n<p>Esta clasificaci\u00f3n ayuda al IMSS a <strong>ajustar el costo del seguro de riesgo de trabajo<\/strong> seg\u00fan la peligrosidad de las actividades. Por ejemplo, una oficina corporativa pagar\u00e1 una <strong>prima de riesgo<\/strong> menor que una empresa dedicada al transporte o la miner\u00eda.<\/p>\n\n\n\n<h2 class=\"wp-block-heading\"><strong>C\u00e1lculo de la prima de riesgo del IMSS<\/strong><\/h2>\n\n\n\n<p>El <strong>c\u00e1lculo de la prima de riesgo IMSS<\/strong> se realiza una vez al a\u00f1o y permite determinar el porcentaje que cada empresa deber\u00e1 pagar por concepto del <strong>S<\/strong>eguro de Riesgos de Trabajo. Este c\u00e1lculo se basa en los accidentes, incapacidades o defunciones laborales ocurridas durante el a\u00f1o anterior y en el n\u00famero promedio de trabajadores expuestos al riesgo.<\/p>\n\n\n\n<p>El c\u00e1lculo se hace aplicando la <strong>f\u00f3rmula establecida por el IMSS<\/strong>, la cual permite determinar si la empresa debe aumentar, disminuir o mantener su prima vigente:<\/p>\n\n\n\n<p><strong>Prima de riesgo = [ (S + V) \/ N + M ] \u00d7 F<\/strong><\/p>\n\n\n\n<p><strong>Donde:<\/strong><\/p>\n\n\n\n<ul class=\"wp-block-list\">\n<li><strong>S:<\/strong> Total de casos de incapacidad permanente.<br><\/li>\n\n\n\n<li><strong>V:<\/strong> N\u00famero de defunciones laborales.<br><\/li>\n\n\n\n<li><strong>F:<\/strong> Factor de prima de riesgo.<br><\/li>\n\n\n\n<li><strong>N:<\/strong> Promedio anual de trabajadores expuestos al riesgo.<br><\/li>\n\n\n\n<li><strong>M:<\/strong> Prima media de la actividad econ\u00f3mica (seg\u00fan la clase de riesgo del IMSS).<br><\/li>\n<\/ul>\n\n\n\n<h3 class=\"wp-block-heading\"><strong>Ejemplo pr\u00e1ctico del c\u00e1lculo de prima de riesgo<\/strong><\/h3>\n\n\n\n<p>Supongamos que una empresa registr\u00f3 los siguientes datos durante el a\u00f1o:<\/p>\n\n\n\n<ul class=\"wp-block-list\">\n<li><strong>S:<\/strong> 1 caso de incapacidad permanente.<br><\/li>\n\n\n\n<li><strong>V:<\/strong> 0 defunciones laborales.<br><\/li>\n\n\n\n<li><strong>F:<\/strong> 2.3 (sin acreditaci\u00f3n especial).<br><\/li>\n\n\n\n<li><strong>N:<\/strong> 50 trabajadores promedio.<br><\/li>\n\n\n\n<li><strong>M:<\/strong> 0.54355 (prima media del sector).<br><\/li>\n<\/ul>\n\n\n\n<p><strong>Aplicando la f\u00f3rmula:<\/strong><\/p>\n\n\n\n<p><strong>Prima de riesgo = [ (S + V) \/ N + M ] \u00d7 F<\/strong><\/p>\n\n\n\n<p><strong>Prima de riesgo = [ (1 + 0) \/ 50 + 0.54355 ] \u00d7 2.3<\/strong><\/p>\n\n\n\n<p><strong>Prima de riesgo = (0.02 + 0.54355) \u00d7 2.3<\/strong><\/p>\n\n\n\n<p><strong>Prima de riesgo = 0.56355 \u00d7 2.3<\/strong><\/p>\n\n\n\n<p><strong>Prima de riesgo = 1.29617<\/strong><\/p>\n\n\n\n<p>Por lo tanto, <strong>la prima de riesgo<\/strong> de esta empresa ser\u00eda de <strong>1.29617 %<\/strong>, el porcentaje que deber\u00e1 aplicar en sus aportaciones al IMSS. Mantener este c\u00e1lculo actualizado cada a\u00f1o ayuda a las empresas a <strong>cumplir con sus obligaciones patronales<\/strong> y a evitar diferencias o sanciones por parte del IMSS.<\/p>\n\n\n\n<h2 class=\"wp-block-heading\"><strong>Presentaci\u00f3n de la prima de riesgo: fechas y obligaciones<\/strong><\/h2>\n\n\n\n<p>La <strong>determinaci\u00f3n anual de la prima de riesgo de trabajo IMSS<\/strong> es una obligaci\u00f3n patronal que debe cumplirse <strong>a m\u00e1s tardar el \u00faltimo d\u00eda de febrero<\/strong> de cada a\u00f1o. Durante este periodo, las empresas deben enviar su c\u00e1lculo actualizado al IMSS para que la instituci\u00f3n determine si la prima disminuye, aumenta o permanece igual.<\/p>\n\n\n\n<p>Este tr\u00e1mite puede realizarse directamente en el <a href=\"https:\/\/www.nomilinea.com\/blogcms\/2025\/04\/09\/que-es-y-para-que-sirve-el-idse\/\"><strong>IDSE<\/strong><\/a>, presentando la informaci\u00f3n correspondiente al n\u00famero de trabajadores, incapacidades, d\u00edas subsidiados y accidentes registrados. En caso de no presentar la declaraci\u00f3n dentro del plazo establecido, el IMSS puede aplicar <strong>multas que van desde 20 hasta 210 veces el valor de la UMA<\/strong>, adem\u00e1s de ajustar la prima de oficio.<\/p>\n\n\n\n<p>Es importante recordar que las empresas que no hayan tenido variaciones en su nivel de riesgo durante el a\u00f1o pueden mantener la misma prima sin necesidad de presentar una nueva determinaci\u00f3n. Sin embargo, se recomienda revisar el c\u00e1lculo anualmente para mantener la informaci\u00f3n actualizada y evitar errores que puedan afectar las cuotas patronales.<\/p>\n\n\n\n<h2 class=\"wp-block-heading\"><strong>C\u00f3mo facilitar el c\u00e1lculo y control de la prima de riesgo con nomilinea<\/strong><\/h2>\n\n\n\n<p>Realizar el c\u00e1lculo de la prima de riesgo<strong> <\/strong>de forma manual puede ser complicado, especialmente si la empresa cuenta con varios centros de trabajo o maneja grandes vol\u00famenes de empleados.<br>Esto impacta directamente en el costo de las cuotas y en la n\u00f3mina, ya que un error en el c\u00e1lculo puede generar diferencias con el IMSS, sanciones o pagos adicionales.<\/p>\n\n\n\n<p>Con <strong>nomilinea<\/strong>, las empresas pueden automatizar todo el proceso de c\u00e1lculo, control y presentaci\u00f3n de la prima de riesgo, integrando los datos del SUA y los movimientos afiliatorios para garantizar resultados precisos. El sistema tambi\u00e9n considera los d\u00edas subsidiados, incapacidades y accidentes registrados, generando reportes que se ajustan autom\u00e1ticamente a las disposiciones del IMSS y el SAT. Adem\u00e1s, <strong>nomilinea<\/strong> permite vincular este proceso con otros aspectos clave de la gesti\u00f3n laboral, como la <a href=\"https:\/\/www.nomilinea.com\/blogcms\/2025\/07\/14\/indemnizacion-que-es-y-como-calcularla\/\"><strong>indemnizaci\u00f3n<\/strong><\/a> y las <a href=\"https:\/\/www.nomilinea.com\/blogcms\/2025\/08\/29\/semanas-cotizadas-imss\/\"><strong>semanas cotizadas ante el IMSS<\/strong><\/a>, garantizando una administraci\u00f3n integral de la n\u00f3mina y del cumplimiento legal de cada empleado.<\/p>\n\n\n\n<div class=\"wp-block-buttons is-layout-flex wp-block-buttons-is-layout-flex\">\n<div class=\"wp-block-button\"><a class=\"wp-block-button__link wp-element-button\" href=\"https:\/\/www.nomilinea.com\/registro_demo\/?utm_source=blog&amp;utm_medium=organic&amp;utm_campaign=blog_nomilinea&amp;hsLang=es\">\u00a1Solicita tu demo!<\/a><\/div>\n<\/div>\n\n\n<ul class=\"wp-block-latest-posts__list is-grid columns-3 wp-block-latest-posts\"><li><div class=\"wp-block-latest-posts__featured-image\"><img loading=\"lazy\" decoding=\"async\" width=\"1024\" height=\"683\" src=\"https:\/\/www.nomilinea.com\/blogcms\/wp-content\/uploads\/2026\/04\/Que\u0301-es-la-constancia-de-situacio\u0301n-fiscal-1-1024x683.webp\" class=\"attachment-large size-large wp-post-image\" alt=\"Que\u0301 es la constancia de situacio\u0301n fiscal\" style=\"\" srcset=\"https:\/\/www.nomilinea.com\/blogcms\/wp-content\/uploads\/2026\/04\/Que\u0301-es-la-constancia-de-situacio\u0301n-fiscal-1-1024x683.webp 1024w, https:\/\/www.nomilinea.com\/blogcms\/wp-content\/uploads\/2026\/04\/Que\u0301-es-la-constancia-de-situacio\u0301n-fiscal-1-300x200.webp 300w, https:\/\/www.nomilinea.com\/blogcms\/wp-content\/uploads\/2026\/04\/Que\u0301-es-la-constancia-de-situacio\u0301n-fiscal-1-768x512.webp 768w, https:\/\/www.nomilinea.com\/blogcms\/wp-content\/uploads\/2026\/04\/Que\u0301-es-la-constancia-de-situacio\u0301n-fiscal-1.webp 1200w\" sizes=\"auto, (max-width: 1024px) 100vw, 1024px\" \/><\/div><a class=\"wp-block-latest-posts__post-title\" href=\"https:\/\/www.nomilinea.com\/blogcms\/que-es-la-constancia-de-situacion-fiscal\/\">Qu\u00e9 es la constancia de situaci\u00f3n fiscal y para qu\u00e9 sirve<\/a><\/li>\n<li><div class=\"wp-block-latest-posts__featured-image\"><img loading=\"lazy\" decoding=\"async\" width=\"1024\" height=\"683\" src=\"https:\/\/www.nomilinea.com\/blogcms\/wp-content\/uploads\/2026\/04\/Que\u0301-es-el-nu\u0301mero-de-identificacio\u0301n-fiscal-1024x683.webp\" class=\"attachment-large size-large wp-post-image\" alt=\"Qu\u00e9 es el n\u00famero de identificaci\u00f3n fiscal\" style=\"\" srcset=\"https:\/\/www.nomilinea.com\/blogcms\/wp-content\/uploads\/2026\/04\/Que\u0301-es-el-nu\u0301mero-de-identificacio\u0301n-fiscal-1024x683.webp 1024w, https:\/\/www.nomilinea.com\/blogcms\/wp-content\/uploads\/2026\/04\/Que\u0301-es-el-nu\u0301mero-de-identificacio\u0301n-fiscal-300x200.webp 300w, https:\/\/www.nomilinea.com\/blogcms\/wp-content\/uploads\/2026\/04\/Que\u0301-es-el-nu\u0301mero-de-identificacio\u0301n-fiscal-768x512.webp 768w, https:\/\/www.nomilinea.com\/blogcms\/wp-content\/uploads\/2026\/04\/Que\u0301-es-el-nu\u0301mero-de-identificacio\u0301n-fiscal-1536x1024.webp 1536w, https:\/\/www.nomilinea.com\/blogcms\/wp-content\/uploads\/2026\/04\/Que\u0301-es-el-nu\u0301mero-de-identificacio\u0301n-fiscal-2048x1365.webp 2048w, https:\/\/www.nomilinea.com\/blogcms\/wp-content\/uploads\/2026\/04\/Que\u0301-es-el-nu\u0301mero-de-identificacio\u0301n-fiscal-1200x800.webp 1200w\" sizes=\"auto, (max-width: 1024px) 100vw, 1024px\" \/><\/div><a class=\"wp-block-latest-posts__post-title\" href=\"https:\/\/www.nomilinea.com\/blogcms\/que-es-el-numero-de-identificacion-fiscal\/\">Qu\u00e9 es el n\u00famero de identificaci\u00f3n fiscal y para qu\u00e9 sirve<\/a><\/li>\n<li><div class=\"wp-block-latest-posts__featured-image\"><img loading=\"lazy\" decoding=\"async\" width=\"1024\" height=\"683\" src=\"https:\/\/www.nomilinea.com\/blogcms\/wp-content\/uploads\/2026\/04\/Que\u0301-pasa-si-no-declaro-al-SAT-1024x683.webp\" class=\"attachment-large size-large wp-post-image\" alt=\"Qu\u00e9 pasa si no declaro al SAT\" style=\"\" srcset=\"https:\/\/www.nomilinea.com\/blogcms\/wp-content\/uploads\/2026\/04\/Que\u0301-pasa-si-no-declaro-al-SAT-1024x683.webp 1024w, https:\/\/www.nomilinea.com\/blogcms\/wp-content\/uploads\/2026\/04\/Que\u0301-pasa-si-no-declaro-al-SAT-300x200.webp 300w, https:\/\/www.nomilinea.com\/blogcms\/wp-content\/uploads\/2026\/04\/Que\u0301-pasa-si-no-declaro-al-SAT-768x512.webp 768w, https:\/\/www.nomilinea.com\/blogcms\/wp-content\/uploads\/2026\/04\/Que\u0301-pasa-si-no-declaro-al-SAT-1536x1024.webp 1536w, https:\/\/www.nomilinea.com\/blogcms\/wp-content\/uploads\/2026\/04\/Que\u0301-pasa-si-no-declaro-al-SAT-2048x1365.webp 2048w, https:\/\/www.nomilinea.com\/blogcms\/wp-content\/uploads\/2026\/04\/Que\u0301-pasa-si-no-declaro-al-SAT-1200x800.webp 1200w\" sizes=\"auto, (max-width: 1024px) 100vw, 1024px\" \/><\/div><a class=\"wp-block-latest-posts__post-title\" href=\"https:\/\/www.nomilinea.com\/blogcms\/que-pasa-si-no-declaro-al-sat\/\">Qu\u00e9 pasa si no declaro al SAT: consecuencias y c\u00f3mo evitar problemas<\/a><\/li>\n<li><div class=\"wp-block-latest-posts__featured-image\"><img loading=\"lazy\" decoding=\"async\" width=\"1024\" height=\"683\" src=\"https:\/\/www.nomilinea.com\/blogcms\/wp-content\/uploads\/2026\/04\/quienes-presentan-declaracion-anual-1024x683.webp\" class=\"attachment-large size-large wp-post-image\" alt=\"quienes presentan declaracion anual\" style=\"\" srcset=\"https:\/\/www.nomilinea.com\/blogcms\/wp-content\/uploads\/2026\/04\/quienes-presentan-declaracion-anual-1024x683.webp 1024w, https:\/\/www.nomilinea.com\/blogcms\/wp-content\/uploads\/2026\/04\/quienes-presentan-declaracion-anual-300x200.webp 300w, https:\/\/www.nomilinea.com\/blogcms\/wp-content\/uploads\/2026\/04\/quienes-presentan-declaracion-anual-768x513.webp 768w, https:\/\/www.nomilinea.com\/blogcms\/wp-content\/uploads\/2026\/04\/quienes-presentan-declaracion-anual-1536x1025.webp 1536w, https:\/\/www.nomilinea.com\/blogcms\/wp-content\/uploads\/2026\/04\/quienes-presentan-declaracion-anual-2048x1367.webp 2048w, https:\/\/www.nomilinea.com\/blogcms\/wp-content\/uploads\/2026\/04\/quienes-presentan-declaracion-anual-1200x800.webp 1200w\" sizes=\"auto, (max-width: 1024px) 100vw, 1024px\" \/><\/div><a class=\"wp-block-latest-posts__post-title\" href=\"https:\/\/www.nomilinea.com\/blogcms\/quienes-presentan-declaracion-anual-guia-completa-para-saber-si-estas-obligado\/\">Qui\u00e9nes presentan declaraci\u00f3n anual: gu\u00eda completa para saber si est\u00e1s obligado<\/a><\/li>\n<li><div class=\"wp-block-latest-posts__featured-image\"><img loading=\"lazy\" decoding=\"async\" width=\"1024\" height=\"683\" src=\"https:\/\/www.nomilinea.com\/blogcms\/wp-content\/uploads\/2026\/04\/tipos-de-nomina-1024x683.webp\" class=\"attachment-large size-large wp-post-image\" alt=\"tipos de n\u00f3mina\" style=\"\" srcset=\"https:\/\/www.nomilinea.com\/blogcms\/wp-content\/uploads\/2026\/04\/tipos-de-nomina-1024x683.webp 1024w, https:\/\/www.nomilinea.com\/blogcms\/wp-content\/uploads\/2026\/04\/tipos-de-nomina-300x200.webp 300w, https:\/\/www.nomilinea.com\/blogcms\/wp-content\/uploads\/2026\/04\/tipos-de-nomina-768x512.webp 768w, https:\/\/www.nomilinea.com\/blogcms\/wp-content\/uploads\/2026\/04\/tipos-de-nomina-1536x1024.webp 1536w, https:\/\/www.nomilinea.com\/blogcms\/wp-content\/uploads\/2026\/04\/tipos-de-nomina-2048x1365.webp 2048w, https:\/\/www.nomilinea.com\/blogcms\/wp-content\/uploads\/2026\/04\/tipos-de-nomina-1200x800.webp 1200w\" sizes=\"auto, (max-width: 1024px) 100vw, 1024px\" \/><\/div><a class=\"wp-block-latest-posts__post-title\" href=\"https:\/\/www.nomilinea.com\/blogcms\/tipos-de-nomina\/\">Tipos de n\u00f3mina: gu\u00eda completa para entender su clasificaci\u00f3n<\/a><\/li>\n<li><div class=\"wp-block-latest-posts__featured-image\"><img loading=\"lazy\" decoding=\"async\" width=\"1024\" height=\"603\" src=\"https:\/\/www.nomilinea.com\/blogcms\/wp-content\/uploads\/2025\/06\/Co\u0301mo-calcular-las-PTU-1024x603.webp\" class=\"attachment-large size-large wp-post-image\" alt=\"C\u00f3mo calcular el PTU\" style=\"\" srcset=\"https:\/\/www.nomilinea.com\/blogcms\/wp-content\/uploads\/2025\/06\/Co\u0301mo-calcular-las-PTU-1024x603.webp 1024w, https:\/\/www.nomilinea.com\/blogcms\/wp-content\/uploads\/2025\/06\/Co\u0301mo-calcular-las-PTU-300x177.webp 300w, https:\/\/www.nomilinea.com\/blogcms\/wp-content\/uploads\/2025\/06\/Co\u0301mo-calcular-las-PTU-768x452.webp 768w, https:\/\/www.nomilinea.com\/blogcms\/wp-content\/uploads\/2025\/06\/Co\u0301mo-calcular-las-PTU-1536x905.webp 1536w, https:\/\/www.nomilinea.com\/blogcms\/wp-content\/uploads\/2025\/06\/Co\u0301mo-calcular-las-PTU-2048x1206.webp 2048w\" sizes=\"auto, (max-width: 1024px) 100vw, 1024px\" \/><\/div><a class=\"wp-block-latest-posts__post-title\" href=\"https:\/\/www.nomilinea.com\/blogcms\/como-calcular-el-ptu-de-forma-simple-y-correcta\/\">C\u00f3mo calcular el PTU 2026 de forma simple y correcta<\/a><\/li>\n<\/ul>","protected":false},"excerpt":{"rendered":"<p>La prima de riesgo de trabajo del IMSS es un indicador que determina el porcentaje que cada empresa debe pagar al Instituto Mexicano del Seguro&#8230;<\/p>\n","protected":false},"author":2,"featured_media":470,"comment_status":"open","ping_status":"open","sticky":false,"template":"","format":"standard","meta":{"footnotes":""},"categories":[1],"tags":[],"class_list":["post-469","post","type-post","status-publish","format-standard","has-post-thumbnail","hentry","category-sin-categoria"],"yoast_head":"<!-- This site is optimized with the Yoast SEO plugin v27.5 - https:\/\/yoast.com\/product\/yoast-seo-wordpress\/ -->\r\n<title>\u00bfQu\u00e9 es la prima de riesgo de trabajo? | nomilinea<\/title>\r\n<meta name=\"description\" content=\"Descubre todo sobre la prima de riesgo de trabajo del IMSS \u2705 Protege tu empresa, ahorra dinero y cumple con la ley. \u2705 \u00a1Inf\u00f3rmate ahora mismo!\" \/>\r\n<meta name=\"robots\" content=\"index, follow, max-snippet:-1, max-image-preview:large, max-video-preview:-1\" \/>\r\n<link rel=\"canonical\" href=\"https:\/\/www.nomilinea.com\/blogcms\/que-es-la-prima-de-riesgo\/\" \/>\r\n<meta property=\"og:locale\" content=\"es_MX\" \/>\r\n<meta property=\"og:type\" content=\"article\" \/>\r\n<meta property=\"og:title\" content=\"\u00bfQu\u00e9 es la prima de riesgo de trabajo? | nomilinea\" \/>\r\n<meta property=\"og:description\" content=\"Descubre todo sobre la prima de riesgo de trabajo del IMSS \u2705 Protege tu empresa, ahorra dinero y cumple con la ley. \u2705 \u00a1Inf\u00f3rmate ahora mismo!\" \/>\r\n<meta property=\"og:url\" content=\"https:\/\/www.nomilinea.com\/blogcms\/que-es-la-prima-de-riesgo\/\" \/>\r\n<meta property=\"og:site_name\" content=\"Blog Nomilinea\" \/>\r\n<meta property=\"article:published_time\" content=\"2025-10-16T19:02:16+00:00\" \/>\r\n<meta property=\"article:modified_time\" content=\"2026-01-13T22:37:16+00:00\" \/>\r\n<meta property=\"og:image\" content=\"https:\/\/www.nomilinea.com\/blogcms\/wp-content\/uploads\/2025\/10\/Prima-de-riesgo-de-trabajo-scaled.webp\" \/>\r\n\t<meta property=\"og:image:width\" content=\"2560\" \/>\r\n\t<meta property=\"og:image:height\" content=\"1707\" \/>\r\n\t<meta property=\"og:image:type\" content=\"image\/webp\" \/>\r\n<meta name=\"author\" content=\"Yazmin Iniguez\" \/>\r\n<meta name=\"twitter:card\" content=\"summary_large_image\" \/>\r\n<meta name=\"twitter:label1\" content=\"Escrito por\" \/>\n\t<meta name=\"twitter:data1\" content=\"Yazmin Iniguez\" \/>\n\t<meta name=\"twitter:label2\" content=\"Tiempo de lectura\" \/>\n\t<meta name=\"twitter:data2\" content=\"6 minutos\" \/>\r\n<script type=\"application\/ld+json\" class=\"yoast-schema-graph\">{\"@context\":\"https:\\\/\\\/schema.org\",\"@graph\":[{\"@type\":\"Article\",\"@id\":\"https:\\\/\\\/www.nomilinea.com\\\/blogcms\\\/que-es-la-prima-de-riesgo\\\/#article\",\"isPartOf\":{\"@id\":\"https:\\\/\\\/www.nomilinea.com\\\/blogcms\\\/que-es-la-prima-de-riesgo\\\/\"},\"author\":{\"name\":\"Yazmin Iniguez\",\"@id\":\"https:\\\/\\\/www.nomilinea.com\\\/blogcms\\\/#\\\/schema\\\/person\\\/49eb348ba83460d47a4e8ae6a465448b\"},\"headline\":\"Prima de riesgo de trabajo del IMSS: Qu\u00e9 es y c\u00f3mo se calcula\",\"datePublished\":\"2025-10-16T19:02:16+00:00\",\"dateModified\":\"2026-01-13T22:37:16+00:00\",\"mainEntityOfPage\":{\"@id\":\"https:\\\/\\\/www.nomilinea.com\\\/blogcms\\\/que-es-la-prima-de-riesgo\\\/\"},\"wordCount\":1245,\"commentCount\":0,\"image\":{\"@id\":\"https:\\\/\\\/www.nomilinea.com\\\/blogcms\\\/que-es-la-prima-de-riesgo\\\/#primaryimage\"},\"thumbnailUrl\":\"https:\\\/\\\/www.nomilinea.com\\\/blogcms\\\/wp-content\\\/uploads\\\/2025\\\/10\\\/Prima-de-riesgo-de-trabajo-scaled.webp\",\"inLanguage\":\"es\",\"potentialAction\":[{\"@type\":\"CommentAction\",\"name\":\"Comment\",\"target\":[\"https:\\\/\\\/www.nomilinea.com\\\/blogcms\\\/que-es-la-prima-de-riesgo\\\/#respond\"]}]},{\"@type\":\"WebPage\",\"@id\":\"https:\\\/\\\/www.nomilinea.com\\\/blogcms\\\/que-es-la-prima-de-riesgo\\\/\",\"url\":\"https:\\\/\\\/www.nomilinea.com\\\/blogcms\\\/que-es-la-prima-de-riesgo\\\/\",\"name\":\"\u00bfQu\u00e9 es la prima de riesgo de trabajo? | nomilinea\",\"isPartOf\":{\"@id\":\"https:\\\/\\\/www.nomilinea.com\\\/blogcms\\\/#website\"},\"primaryImageOfPage\":{\"@id\":\"https:\\\/\\\/www.nomilinea.com\\\/blogcms\\\/que-es-la-prima-de-riesgo\\\/#primaryimage\"},\"image\":{\"@id\":\"https:\\\/\\\/www.nomilinea.com\\\/blogcms\\\/que-es-la-prima-de-riesgo\\\/#primaryimage\"},\"thumbnailUrl\":\"https:\\\/\\\/www.nomilinea.com\\\/blogcms\\\/wp-content\\\/uploads\\\/2025\\\/10\\\/Prima-de-riesgo-de-trabajo-scaled.webp\",\"datePublished\":\"2025-10-16T19:02:16+00:00\",\"dateModified\":\"2026-01-13T22:37:16+00:00\",\"author\":{\"@id\":\"https:\\\/\\\/www.nomilinea.com\\\/blogcms\\\/#\\\/schema\\\/person\\\/49eb348ba83460d47a4e8ae6a465448b\"},\"description\":\"Descubre todo sobre la prima de riesgo de trabajo del IMSS \u2705 Protege tu empresa, ahorra dinero y cumple con la ley. \u2705 \u00a1Inf\u00f3rmate ahora mismo!\",\"breadcrumb\":{\"@id\":\"https:\\\/\\\/www.nomilinea.com\\\/blogcms\\\/que-es-la-prima-de-riesgo\\\/#breadcrumb\"},\"inLanguage\":\"es\",\"potentialAction\":[{\"@type\":\"ReadAction\",\"target\":[\"https:\\\/\\\/www.nomilinea.com\\\/blogcms\\\/que-es-la-prima-de-riesgo\\\/\"]}]},{\"@type\":\"ImageObject\",\"inLanguage\":\"es\",\"@id\":\"https:\\\/\\\/www.nomilinea.com\\\/blogcms\\\/que-es-la-prima-de-riesgo\\\/#primaryimage\",\"url\":\"https:\\\/\\\/www.nomilinea.com\\\/blogcms\\\/wp-content\\\/uploads\\\/2025\\\/10\\\/Prima-de-riesgo-de-trabajo-scaled.webp\",\"contentUrl\":\"https:\\\/\\\/www.nomilinea.com\\\/blogcms\\\/wp-content\\\/uploads\\\/2025\\\/10\\\/Prima-de-riesgo-de-trabajo-scaled.webp\",\"width\":2560,\"height\":1707,\"caption\":\"Prima de riesgo de trabajo\"},{\"@type\":\"BreadcrumbList\",\"@id\":\"https:\\\/\\\/www.nomilinea.com\\\/blogcms\\\/que-es-la-prima-de-riesgo\\\/#breadcrumb\",\"itemListElement\":[{\"@type\":\"ListItem\",\"position\":1,\"name\":\"Inicio\",\"item\":\"https:\\\/\\\/www.nomilinea.com\\\/blogcms\\\/\"},{\"@type\":\"ListItem\",\"position\":2,\"name\":\"Prima de riesgo de trabajo del IMSS: Qu\u00e9 es y c\u00f3mo se calcula\"}]},{\"@type\":\"WebSite\",\"@id\":\"https:\\\/\\\/www.nomilinea.com\\\/blogcms\\\/#website\",\"url\":\"https:\\\/\\\/www.nomilinea.com\\\/blogcms\\\/\",\"name\":\"Blog Nomilinea\",\"description\":\"\",\"potentialAction\":[{\"@type\":\"SearchAction\",\"target\":{\"@type\":\"EntryPoint\",\"urlTemplate\":\"https:\\\/\\\/www.nomilinea.com\\\/blogcms\\\/?s={search_term_string}\"},\"query-input\":{\"@type\":\"PropertyValueSpecification\",\"valueRequired\":true,\"valueName\":\"search_term_string\"}}],\"inLanguage\":\"es\"},{\"@type\":\"Person\",\"@id\":\"https:\\\/\\\/www.nomilinea.com\\\/blogcms\\\/#\\\/schema\\\/person\\\/49eb348ba83460d47a4e8ae6a465448b\",\"name\":\"Yazmin Iniguez\",\"image\":{\"@type\":\"ImageObject\",\"inLanguage\":\"es\",\"@id\":\"https:\\\/\\\/secure.gravatar.com\\\/avatar\\\/bc4ae0d5d59212ff1a6959067f9243019d7f3edb9fbc95d2b6128be78cc3826a?s=96&d=mm&r=g\",\"url\":\"https:\\\/\\\/secure.gravatar.com\\\/avatar\\\/bc4ae0d5d59212ff1a6959067f9243019d7f3edb9fbc95d2b6128be78cc3826a?s=96&d=mm&r=g\",\"contentUrl\":\"https:\\\/\\\/secure.gravatar.com\\\/avatar\\\/bc4ae0d5d59212ff1a6959067f9243019d7f3edb9fbc95d2b6128be78cc3826a?s=96&d=mm&r=g\",\"caption\":\"Yazmin Iniguez\"},\"sameAs\":[\"https:\\\/\\\/www.nomilinea.com\\\/\"],\"url\":\"#molongui-disabled-link\"}]}<\/script>\r\n<!-- \/ Yoast SEO plugin. -->","yoast_head_json":{"title":"\u00bfQu\u00e9 es la prima de riesgo de trabajo? | nomilinea","description":"Descubre todo sobre la prima de riesgo de trabajo del IMSS \u2705 Protege tu empresa, ahorra dinero y cumple con la ley. \u2705 \u00a1Inf\u00f3rmate ahora mismo!","robots":{"index":"index","follow":"follow","max-snippet":"max-snippet:-1","max-image-preview":"max-image-preview:large","max-video-preview":"max-video-preview:-1"},"canonical":"https:\/\/www.nomilinea.com\/blogcms\/que-es-la-prima-de-riesgo\/","og_locale":"es_MX","og_type":"article","og_title":"\u00bfQu\u00e9 es la prima de riesgo de trabajo? | nomilinea","og_description":"Descubre todo sobre la prima de riesgo de trabajo del IMSS \u2705 Protege tu empresa, ahorra dinero y cumple con la ley. \u2705 \u00a1Inf\u00f3rmate ahora mismo!","og_url":"https:\/\/www.nomilinea.com\/blogcms\/que-es-la-prima-de-riesgo\/","og_site_name":"Blog Nomilinea","article_published_time":"2025-10-16T19:02:16+00:00","article_modified_time":"2026-01-13T22:37:16+00:00","og_image":[{"width":2560,"height":1707,"url":"https:\/\/www.nomilinea.com\/blogcms\/wp-content\/uploads\/2025\/10\/Prima-de-riesgo-de-trabajo-scaled.webp","type":"image\/webp"}],"author":"Yazmin Iniguez","twitter_card":"summary_large_image","twitter_misc":{"Escrito por":"Yazmin Iniguez","Tiempo de lectura":"6 minutos"},"schema":{"@context":"https:\/\/schema.org","@graph":[{"@type":"Article","@id":"https:\/\/www.nomilinea.com\/blogcms\/que-es-la-prima-de-riesgo\/#article","isPartOf":{"@id":"https:\/\/www.nomilinea.com\/blogcms\/que-es-la-prima-de-riesgo\/"},"author":{"name":"Yazmin Iniguez","@id":"https:\/\/www.nomilinea.com\/blogcms\/#\/schema\/person\/49eb348ba83460d47a4e8ae6a465448b"},"headline":"Prima de riesgo de trabajo del IMSS: Qu\u00e9 es y c\u00f3mo se calcula","datePublished":"2025-10-16T19:02:16+00:00","dateModified":"2026-01-13T22:37:16+00:00","mainEntityOfPage":{"@id":"https:\/\/www.nomilinea.com\/blogcms\/que-es-la-prima-de-riesgo\/"},"wordCount":1245,"commentCount":0,"image":{"@id":"https:\/\/www.nomilinea.com\/blogcms\/que-es-la-prima-de-riesgo\/#primaryimage"},"thumbnailUrl":"https:\/\/www.nomilinea.com\/blogcms\/wp-content\/uploads\/2025\/10\/Prima-de-riesgo-de-trabajo-scaled.webp","inLanguage":"es","potentialAction":[{"@type":"CommentAction","name":"Comment","target":["https:\/\/www.nomilinea.com\/blogcms\/que-es-la-prima-de-riesgo\/#respond"]}]},{"@type":"WebPage","@id":"https:\/\/www.nomilinea.com\/blogcms\/que-es-la-prima-de-riesgo\/","url":"https:\/\/www.nomilinea.com\/blogcms\/que-es-la-prima-de-riesgo\/","name":"\u00bfQu\u00e9 es la prima de riesgo de trabajo? | nomilinea","isPartOf":{"@id":"https:\/\/www.nomilinea.com\/blogcms\/#website"},"primaryImageOfPage":{"@id":"https:\/\/www.nomilinea.com\/blogcms\/que-es-la-prima-de-riesgo\/#primaryimage"},"image":{"@id":"https:\/\/www.nomilinea.com\/blogcms\/que-es-la-prima-de-riesgo\/#primaryimage"},"thumbnailUrl":"https:\/\/www.nomilinea.com\/blogcms\/wp-content\/uploads\/2025\/10\/Prima-de-riesgo-de-trabajo-scaled.webp","datePublished":"2025-10-16T19:02:16+00:00","dateModified":"2026-01-13T22:37:16+00:00","author":{"@id":"https:\/\/www.nomilinea.com\/blogcms\/#\/schema\/person\/49eb348ba83460d47a4e8ae6a465448b"},"description":"Descubre todo sobre la prima de riesgo de trabajo del IMSS \u2705 Protege tu empresa, ahorra dinero y cumple con la ley. \u2705 \u00a1Inf\u00f3rmate ahora mismo!","breadcrumb":{"@id":"https:\/\/www.nomilinea.com\/blogcms\/que-es-la-prima-de-riesgo\/#breadcrumb"},"inLanguage":"es","potentialAction":[{"@type":"ReadAction","target":["https:\/\/www.nomilinea.com\/blogcms\/que-es-la-prima-de-riesgo\/"]}]},{"@type":"ImageObject","inLanguage":"es","@id":"https:\/\/www.nomilinea.com\/blogcms\/que-es-la-prima-de-riesgo\/#primaryimage","url":"https:\/\/www.nomilinea.com\/blogcms\/wp-content\/uploads\/2025\/10\/Prima-de-riesgo-de-trabajo-scaled.webp","contentUrl":"https:\/\/www.nomilinea.com\/blogcms\/wp-content\/uploads\/2025\/10\/Prima-de-riesgo-de-trabajo-scaled.webp","width":2560,"height":1707,"caption":"Prima de riesgo de trabajo"},{"@type":"BreadcrumbList","@id":"https:\/\/www.nomilinea.com\/blogcms\/que-es-la-prima-de-riesgo\/#breadcrumb","itemListElement":[{"@type":"ListItem","position":1,"name":"Inicio","item":"https:\/\/www.nomilinea.com\/blogcms\/"},{"@type":"ListItem","position":2,"name":"Prima de riesgo de trabajo del IMSS: Qu\u00e9 es y c\u00f3mo se calcula"}]},{"@type":"WebSite","@id":"https:\/\/www.nomilinea.com\/blogcms\/#website","url":"https:\/\/www.nomilinea.com\/blogcms\/","name":"Blog Nomilinea","description":"","potentialAction":[{"@type":"SearchAction","target":{"@type":"EntryPoint","urlTemplate":"https:\/\/www.nomilinea.com\/blogcms\/?s={search_term_string}"},"query-input":{"@type":"PropertyValueSpecification","valueRequired":true,"valueName":"search_term_string"}}],"inLanguage":"es"},{"@type":"Person","@id":"https:\/\/www.nomilinea.com\/blogcms\/#\/schema\/person\/49eb348ba83460d47a4e8ae6a465448b","name":"Yazmin Iniguez","image":{"@type":"ImageObject","inLanguage":"es","@id":"https:\/\/secure.gravatar.com\/avatar\/bc4ae0d5d59212ff1a6959067f9243019d7f3edb9fbc95d2b6128be78cc3826a?s=96&d=mm&r=g","url":"https:\/\/secure.gravatar.com\/avatar\/bc4ae0d5d59212ff1a6959067f9243019d7f3edb9fbc95d2b6128be78cc3826a?s=96&d=mm&r=g","contentUrl":"https:\/\/secure.gravatar.com\/avatar\/bc4ae0d5d59212ff1a6959067f9243019d7f3edb9fbc95d2b6128be78cc3826a?s=96&d=mm&r=g","caption":"Yazmin Iniguez"},"sameAs":["https:\/\/www.nomilinea.com\/"],"url":"#molongui-disabled-link"}]}},"_links":{"self":[{"href":"https:\/\/www.nomilinea.com\/blogcms\/wp-json\/wp\/v2\/posts\/469","targetHints":{"allow":["GET"]}}],"collection":[{"href":"https:\/\/www.nomilinea.com\/blogcms\/wp-json\/wp\/v2\/posts"}],"about":[{"href":"https:\/\/www.nomilinea.com\/blogcms\/wp-json\/wp\/v2\/types\/post"}],"author":[{"embeddable":true,"href":"https:\/\/www.nomilinea.com\/blogcms\/wp-json\/wp\/v2\/users\/2"}],"replies":[{"embeddable":true,"href":"https:\/\/www.nomilinea.com\/blogcms\/wp-json\/wp\/v2\/comments?post=469"}],"version-history":[{"count":2,"href":"https:\/\/www.nomilinea.com\/blogcms\/wp-json\/wp\/v2\/posts\/469\/revisions"}],"predecessor-version":[{"id":663,"href":"https:\/\/www.nomilinea.com\/blogcms\/wp-json\/wp\/v2\/posts\/469\/revisions\/663"}],"wp:featuredmedia":[{"embeddable":true,"href":"https:\/\/www.nomilinea.com\/blogcms\/wp-json\/wp\/v2\/media\/470"}],"wp:attachment":[{"href":"https:\/\/www.nomilinea.com\/blogcms\/wp-json\/wp\/v2\/media?parent=469"}],"wp:term":[{"taxonomy":"category","embeddable":true,"href":"https:\/\/www.nomilinea.com\/blogcms\/wp-json\/wp\/v2\/categories?post=469"},{"taxonomy":"post_tag","embeddable":true,"href":"https:\/\/www.nomilinea.com\/blogcms\/wp-json\/wp\/v2\/tags?post=469"}],"curies":[{"name":"wp","href":"https:\/\/api.w.org\/{rel}","templated":true}]}}