{"id":192,"date":"2025-08-29T16:53:42","date_gmt":"2025-08-29T16:53:42","guid":{"rendered":"https:\/\/www.nomilinea.com\/blogcms\/?p=192"},"modified":"2026-02-17T18:08:48","modified_gmt":"2026-02-17T18:08:48","slug":"incapacidades-por-paternidad","status":"publish","type":"post","link":"https:\/\/www.nomilinea.com\/blogcms\/incapacidades-por-paternidad\/","title":{"rendered":"Incapacidades por paternidad"},"content":{"rendered":"\n<p>La <strong>incapacidad por paternidad<\/strong> es un derecho laboral que permite a los trabajadores tomarse un periodo de descanso pagado tras el nacimiento de su hijo. Este permiso tiene como objetivo brindar tiempo al padre para apoyar durante los primeros d\u00edas de vida del beb\u00e9, as\u00ed como en el proceso de registro o tr\u00e1mites relacionados.<\/p>\n\n\n\n<p>Seg\u00fan la <strong>Ley Federal del Trabajo<\/strong>, este derecho aplica tanto para trabajadores del sector p\u00fablico como privado, siempre que est\u00e9n dados de alta en la <a href=\"https:\/\/www.nomilinea.com\/blogcms\/terminos-basicos-de-la-nomina\/\">n\u00f3mina<\/a> de la empresa y cuenten con una relaci\u00f3n laboral vigente.&nbsp;<\/p>\n\n\n\n<figure class=\"wp-block-image size-large wp-duotone-unset-1\"><a href=\"https:\/\/www.nomilinea.com\/registro_demo\/?utm_source=blog&amp;utm_medium=organic&amp;utm_campaign=blog_nomilinea&amp;hsLang=es\" target=\"_blank\" rel=\" noreferrer noopener\"><img loading=\"lazy\" decoding=\"async\" width=\"1024\" height=\"477\" src=\"https:\/\/www.nomilinea.com\/blogcms\/wp-content\/uploads\/2025\/11\/demo-de-software-de-nomina-1024x477.webp\" alt=\"\" class=\"wp-image-560\" srcset=\"https:\/\/www.nomilinea.com\/blogcms\/wp-content\/uploads\/2025\/11\/demo-de-software-de-nomina-1024x477.webp 1024w, https:\/\/www.nomilinea.com\/blogcms\/wp-content\/uploads\/2025\/11\/demo-de-software-de-nomina-300x140.webp 300w, https:\/\/www.nomilinea.com\/blogcms\/wp-content\/uploads\/2025\/11\/demo-de-software-de-nomina-768x358.webp 768w, https:\/\/www.nomilinea.com\/blogcms\/wp-content\/uploads\/2025\/11\/demo-de-software-de-nomina.webp 1200w\" sizes=\"auto, (max-width: 1024px) 100vw, 1024px\" \/><\/a><\/figure>\n\n\n\n<h2 class=\"wp-block-heading\"><strong>\u00bfCu\u00e1ntos d\u00edas de paternidad son por ley?<\/strong><\/h2>\n\n\n\n<p>De acuerdo con<strong> la Ley Federal del Trabajo en M\u00e9xico<\/strong>, los padres tienen derecho a <strong>5 d\u00edas de incapacidad por paternidad<\/strong>. Este periodo es contado en d\u00edas laborales y debe ser otorgado a partir del nacimiento del hijo o bien desde que se realiza el proceso de adopci\u00f3n legal, en caso de aplicar.<\/p>\n\n\n\n<p>Este beneficio est\u00e1 estipulado en el art\u00edculo 132, fracci\u00f3n XXVII Bis de la <strong>Ley Federal del Trabajo<\/strong>, y aplica sin importar el tipo de contrato, siempre que exista una relaci\u00f3n subordinada entre el trabajador y el empleador.<br>Es importante aclarar que:<\/p>\n\n\n\n<ul class=\"wp-block-list\">\n<li>No se requiere que la madre est\u00e9 afiliada al IMSS.<br><\/li>\n\n\n\n<li>No es necesario que el parto ocurra en una instituci\u00f3n p\u00fablica.<br><\/li>\n\n\n\n<li>Aplica tambi\u00e9n en casos de adopci\u00f3n.<\/li>\n<\/ul>\n\n\n\n<h2 class=\"wp-block-heading\"><strong>\u00bfQui\u00e9nes tienen derecho al permiso por paternidad?<\/strong><\/h2>\n\n\n\n<p>Este beneficio aplica a todos los trabajadores subordinados <strong>bajo el r\u00e9gimen de la LFT<\/strong>, independientemente de su antig\u00fcedad o afiliaci\u00f3n al IMSS, siempre que est\u00e9n registrados ante la autoridad laboral bajo un esquema subordinado. Tambi\u00e9n tienen derecho quienes trabajen bajo r\u00e9gimen del apartado A del art\u00edculo 123 constitucional, es decir, trabajadores del sector privado.<\/p>\n\n\n\n<p>Para que se otorguen los <strong>d\u00edas de ley por paternidad<\/strong>, el trabajador deber\u00e1 cumplir con las siguientes condiciones:<\/p>\n\n\n\n<ul class=\"wp-block-list\">\n<li>Estar activo al momento del nacimiento o adopci\u00f3n.<br><\/li>\n\n\n\n<li>Presentar la documentaci\u00f3n correspondiente.<br><\/li>\n\n\n\n<li>Solicitar el permiso en el tiempo estipulado.<br><\/li>\n<\/ul>\n\n\n\n<p>No es necesario haber cumplido una cierta antig\u00fcedad para acceder a este derecho. Basta con estar registrado en la empresa como trabajador formal.<\/p>\n\n\n\n<h2 class=\"wp-block-heading\"><strong>\u00bfC\u00f3mo puede ayudarte nomilinea a llevar un mejor control de permisos?<\/strong><\/h2>\n\n\n\n<p>Muchas empresas enfrentan dificultades para registrar correctamente este tipo de permisos, lo que puede generar errores en la n\u00f3mina, confusi\u00f3n en los d\u00edas otorgados o incluso incumplimientos ante la ley.<\/p>\n\n\n\n<p>Aqu\u00ed es donde <strong>nomilinea<\/strong> puede ser un gran aliado:<\/p>\n\n\n\n<ul class=\"wp-block-list\">\n<li>Permite registrar y organizar <strong>incidencias laborales<\/strong> como permisos, ausencias y descansos.<br><\/li>\n\n\n\n<li>Ayuda a tener un control claro de los <strong>d\u00edas otorgados por paternidad<\/strong> u otros permisos.<br><\/li>\n\n\n\n<li>Automatiza el c\u00e1lculo de d\u00edas trabajados, descansados o faltantes, lo que mejora la precisi\u00f3n de la n\u00f3mina.<br><\/li>\n<\/ul>\n\n\n\n<p>De esta forma, tanto el \u00e1rea administrativa como los trabajadores pueden contar con registros claros, actualizados y alineados a lo que establece la ley, sin necesidad de procesos manuales o confusos.<\/p>\n\n\n\n<div class=\"wp-block-buttons is-layout-flex wp-block-buttons-is-layout-flex\">\n<div class=\"wp-block-button\"><a class=\"wp-block-button__link wp-element-button\" href=\"https:\/\/www.nomilinea.com\/registro_demo\/?utm_source=blog&amp;utm_medium=organic&amp;utm_campaign=blog_nomilinea&amp;hsLang=es\">\u00a1Solicita tu demo!<\/a><\/div>\n<\/div>\n\n\n\n<p><strong>Tambi\u00e9n te puede interesar<\/strong><\/p>\n\n\n<ul class=\"wp-block-latest-posts__list is-grid columns-3 wp-block-latest-posts\"><li><div class=\"wp-block-latest-posts__featured-image\"><img loading=\"lazy\" decoding=\"async\" width=\"1024\" height=\"683\" src=\"https:\/\/www.nomilinea.com\/blogcms\/wp-content\/uploads\/2025\/04\/An\u0303o-fiscal-nomilinea-1024x683.jpg\" class=\"attachment-large size-large wp-post-image\" alt=\"A\u00f1o Fiscal 2025\" style=\"\" srcset=\"https:\/\/www.nomilinea.com\/blogcms\/wp-content\/uploads\/2025\/04\/An\u0303o-fiscal-nomilinea-1024x683.jpg 1024w, https:\/\/www.nomilinea.com\/blogcms\/wp-content\/uploads\/2025\/04\/An\u0303o-fiscal-nomilinea-300x200.jpg 300w, https:\/\/www.nomilinea.com\/blogcms\/wp-content\/uploads\/2025\/04\/An\u0303o-fiscal-nomilinea-768x512.jpg 768w, https:\/\/www.nomilinea.com\/blogcms\/wp-content\/uploads\/2025\/04\/An\u0303o-fiscal-nomilinea-1536x1024.jpg 1536w, https:\/\/www.nomilinea.com\/blogcms\/wp-content\/uploads\/2025\/04\/An\u0303o-fiscal-nomilinea-2048x1365.jpg 2048w\" sizes=\"auto, (max-width: 1024px) 100vw, 1024px\" \/><\/div><a class=\"wp-block-latest-posts__post-title\" href=\"https:\/\/www.nomilinea.com\/blogcms\/ano-fiscal-2025-cambios-clave-que-impactan-tu-nomina\/\">A\u00f1o Fiscal 2025:Cambios clave que impactan tu n\u00f3mina<\/a><\/li>\n<li><div class=\"wp-block-latest-posts__featured-image\"><img loading=\"lazy\" decoding=\"async\" width=\"1024\" height=\"683\" src=\"https:\/\/www.nomilinea.com\/blogcms\/wp-content\/uploads\/2025\/04\/Conoce-Todo-Sobre-NOM-035-1024x683.webp\" class=\"attachment-large size-large wp-post-image\" alt=\"Conoce Todo Sobre NOM 035\" style=\"\" srcset=\"https:\/\/www.nomilinea.com\/blogcms\/wp-content\/uploads\/2025\/04\/Conoce-Todo-Sobre-NOM-035-1024x683.webp 1024w, https:\/\/www.nomilinea.com\/blogcms\/wp-content\/uploads\/2025\/04\/Conoce-Todo-Sobre-NOM-035-300x200.webp 300w, https:\/\/www.nomilinea.com\/blogcms\/wp-content\/uploads\/2025\/04\/Conoce-Todo-Sobre-NOM-035-768x512.webp 768w, https:\/\/www.nomilinea.com\/blogcms\/wp-content\/uploads\/2025\/04\/Conoce-Todo-Sobre-NOM-035-1536x1024.webp 1536w, https:\/\/www.nomilinea.com\/blogcms\/wp-content\/uploads\/2025\/04\/Conoce-Todo-Sobre-NOM-035-2048x1365.webp 2048w\" sizes=\"auto, (max-width: 1024px) 100vw, 1024px\" \/><\/div><a class=\"wp-block-latest-posts__post-title\" href=\"https:\/\/www.nomilinea.com\/blogcms\/conoce-todo-sobre-nom-035\/\">Conoce Todo Sobre NOM 035<\/a><\/li>\n<li><div class=\"wp-block-latest-posts__featured-image\"><img loading=\"lazy\" decoding=\"async\" width=\"1024\" height=\"684\" src=\"https:\/\/www.nomilinea.com\/blogcms\/wp-content\/uploads\/2025\/04\/pexels-pavel-danilyuk-6340700-1024x684.webp\" class=\"attachment-large size-large wp-post-image\" alt=\"Cultura Organizacional La Clave Para Un Mejor Desempe\u00f1o\" style=\"\" srcset=\"https:\/\/www.nomilinea.com\/blogcms\/wp-content\/uploads\/2025\/04\/pexels-pavel-danilyuk-6340700-1024x684.webp 1024w, https:\/\/www.nomilinea.com\/blogcms\/wp-content\/uploads\/2025\/04\/pexels-pavel-danilyuk-6340700-300x200.webp 300w, https:\/\/www.nomilinea.com\/blogcms\/wp-content\/uploads\/2025\/04\/pexels-pavel-danilyuk-6340700-768x513.webp 768w, https:\/\/www.nomilinea.com\/blogcms\/wp-content\/uploads\/2025\/04\/pexels-pavel-danilyuk-6340700-1536x1025.webp 1536w, https:\/\/www.nomilinea.com\/blogcms\/wp-content\/uploads\/2025\/04\/pexels-pavel-danilyuk-6340700-2048x1367.webp 2048w\" sizes=\"auto, (max-width: 1024px) 100vw, 1024px\" \/><\/div><a class=\"wp-block-latest-posts__post-title\" href=\"https:\/\/www.nomilinea.com\/blogcms\/cultura-organizacional-la-clave-para-un-mejor-desempeno\/\">Cultura organizacional la clave para un mejor desempe\u00f1o<\/a><\/li>\n<li><div class=\"wp-block-latest-posts__featured-image\"><img loading=\"lazy\" decoding=\"async\" width=\"1024\" height=\"683\" src=\"https:\/\/www.nomilinea.com\/blogcms\/wp-content\/uploads\/2025\/04\/Los-5-Problemas-Ma\u0301s-Comunes-En-La-Gestio\u0301n-De-No\u0301mina-1024x683.webp\" class=\"attachment-large size-large wp-post-image\" alt=\"Los 5 Problemas M\u00e1s Comunes En La Gesti\u00f3n De N\u00f3mina\" style=\"\" srcset=\"https:\/\/www.nomilinea.com\/blogcms\/wp-content\/uploads\/2025\/04\/Los-5-Problemas-Ma\u0301s-Comunes-En-La-Gestio\u0301n-De-No\u0301mina-1024x683.webp 1024w, https:\/\/www.nomilinea.com\/blogcms\/wp-content\/uploads\/2025\/04\/Los-5-Problemas-Ma\u0301s-Comunes-En-La-Gestio\u0301n-De-No\u0301mina-300x200.webp 300w, https:\/\/www.nomilinea.com\/blogcms\/wp-content\/uploads\/2025\/04\/Los-5-Problemas-Ma\u0301s-Comunes-En-La-Gestio\u0301n-De-No\u0301mina-768x512.webp 768w, https:\/\/www.nomilinea.com\/blogcms\/wp-content\/uploads\/2025\/04\/Los-5-Problemas-Ma\u0301s-Comunes-En-La-Gestio\u0301n-De-No\u0301mina-1536x1024.webp 1536w, https:\/\/www.nomilinea.com\/blogcms\/wp-content\/uploads\/2025\/04\/Los-5-Problemas-Ma\u0301s-Comunes-En-La-Gestio\u0301n-De-No\u0301mina-2048x1365.webp 2048w\" sizes=\"auto, (max-width: 1024px) 100vw, 1024px\" \/><\/div><a class=\"wp-block-latest-posts__post-title\" href=\"https:\/\/www.nomilinea.com\/blogcms\/estos-son-los-5-problemas-mas-comunes-en-la-gestion-de-nomina\/\">Estos son los 5 problemas m\u00e1s comunes en la gesti\u00f3n de n\u00f3mina<\/a><\/li>\n<li><div class=\"wp-block-latest-posts__featured-image\"><img loading=\"lazy\" decoding=\"async\" width=\"1024\" height=\"683\" src=\"https:\/\/www.nomilinea.com\/blogcms\/wp-content\/uploads\/2025\/04\/Evita-Multas-Por-Subcontratacio\u0301n-1024x683.webp\" class=\"attachment-large size-large wp-post-image\" alt=\"Evita Multas Por Subcontrataci\u00f3n\" style=\"\" srcset=\"https:\/\/www.nomilinea.com\/blogcms\/wp-content\/uploads\/2025\/04\/Evita-Multas-Por-Subcontratacio\u0301n-1024x683.webp 1024w, https:\/\/www.nomilinea.com\/blogcms\/wp-content\/uploads\/2025\/04\/Evita-Multas-Por-Subcontratacio\u0301n-300x200.webp 300w, https:\/\/www.nomilinea.com\/blogcms\/wp-content\/uploads\/2025\/04\/Evita-Multas-Por-Subcontratacio\u0301n-768x512.webp 768w, https:\/\/www.nomilinea.com\/blogcms\/wp-content\/uploads\/2025\/04\/Evita-Multas-Por-Subcontratacio\u0301n-1536x1024.webp 1536w, https:\/\/www.nomilinea.com\/blogcms\/wp-content\/uploads\/2025\/04\/Evita-Multas-Por-Subcontratacio\u0301n-2048x1365.webp 2048w\" sizes=\"auto, (max-width: 1024px) 100vw, 1024px\" \/><\/div><a class=\"wp-block-latest-posts__post-title\" href=\"https:\/\/www.nomilinea.com\/blogcms\/evita-multas-por-subcontratacion\/\">Evita multas por subcontrataci\u00f3n<\/a><\/li>\n<li><div class=\"wp-block-latest-posts__featured-image\"><img loading=\"lazy\" decoding=\"async\" width=\"1024\" height=\"682\" src=\"https:\/\/www.nomilinea.com\/blogcms\/wp-content\/uploads\/2025\/04\/buzon_tributario_imms--1024x682.jpeg\" class=\"attachment-large size-large wp-post-image\" alt=\"Buz\u00f3n Imss\" style=\"\" srcset=\"https:\/\/www.nomilinea.com\/blogcms\/wp-content\/uploads\/2025\/04\/buzon_tributario_imms--1024x682.jpeg 1024w, https:\/\/www.nomilinea.com\/blogcms\/wp-content\/uploads\/2025\/04\/buzon_tributario_imms--300x200.jpeg 300w, https:\/\/www.nomilinea.com\/blogcms\/wp-content\/uploads\/2025\/04\/buzon_tributario_imms--768x512.jpeg 768w, https:\/\/www.nomilinea.com\/blogcms\/wp-content\/uploads\/2025\/04\/buzon_tributario_imms--1536x1024.jpeg 1536w, https:\/\/www.nomilinea.com\/blogcms\/wp-content\/uploads\/2025\/04\/buzon_tributario_imms-.jpeg 1928w\" sizes=\"auto, (max-width: 1024px) 100vw, 1024px\" \/><\/div><a class=\"wp-block-latest-posts__post-title\" href=\"https:\/\/www.nomilinea.com\/blogcms\/idse-y-buzon-imss-todo-lo-que-necesitas-saber-para-gestionarlo-facilmente\/\">IDSE Y buz\u00f3n IMSS: Todo lo que necesitas saber para gestionarlo f\u00e1cilmente<\/a><\/li>\n<\/ul>","protected":false},"excerpt":{"rendered":"<p>La incapacidad por paternidad es un derecho laboral que permite a los trabajadores tomarse un periodo de descanso pagado tras el nacimiento de su hijo&#8230;.<\/p>\n","protected":false},"author":1,"featured_media":193,"comment_status":"open","ping_status":"open","sticky":false,"template":"","format":"standard","meta":{"footnotes":""},"categories":[1],"tags":[],"class_list":["post-192","post","type-post","status-publish","format-standard","has-post-thumbnail","hentry","category-sin-categoria"],"yoast_head":"<!-- This site is optimized with the Yoast SEO plugin v27.5 - https:\/\/yoast.com\/product\/yoast-seo-wordpress\/ -->\r\n<title>Incapacidad por paternidad: Cu\u00e1ntos d\u00edas son por ley<\/title>\r\n<meta name=\"description\" content=\"Conoce sobre las incapacidades por paternidad \u2705 Te contamos cu\u00e1ntos d\u00edas de incapacidad por paternidad aplican, qu\u00e9 dice la Ley y mucho m\u00e1s.\" \/>\r\n<meta name=\"robots\" content=\"index, follow, max-snippet:-1, max-image-preview:large, max-video-preview:-1\" \/>\r\n<link rel=\"canonical\" href=\"https:\/\/www.nomilinea.com\/blogcms\/incapacidades-por-paternidad\/\" \/>\r\n<meta property=\"og:locale\" content=\"es_MX\" \/>\r\n<meta property=\"og:type\" content=\"article\" \/>\r\n<meta property=\"og:title\" content=\"Incapacidad por paternidad: Cu\u00e1ntos d\u00edas son por ley\" \/>\r\n<meta property=\"og:description\" content=\"Conoce sobre las incapacidades por paternidad \u2705 Te contamos cu\u00e1ntos d\u00edas de incapacidad por paternidad aplican, qu\u00e9 dice la Ley y mucho m\u00e1s.\" \/>\r\n<meta property=\"og:url\" content=\"https:\/\/www.nomilinea.com\/blogcms\/incapacidades-por-paternidad\/\" \/>\r\n<meta property=\"og:site_name\" content=\"Blog Nomilinea\" \/>\r\n<meta property=\"article:published_time\" content=\"2025-08-29T16:53:42+00:00\" \/>\r\n<meta property=\"article:modified_time\" content=\"2026-02-17T18:08:48+00:00\" \/>\r\n<meta property=\"og:image\" content=\"https:\/\/www.nomilinea.com\/blogcms\/wp-content\/uploads\/2025\/08\/pexels-emma-bauso-1183828-2253879-scaled.webp\" \/>\r\n\t<meta property=\"og:image:width\" content=\"2560\" \/>\r\n\t<meta property=\"og:image:height\" content=\"1709\" \/>\r\n\t<meta property=\"og:image:type\" content=\"image\/webp\" \/>\r\n<meta name=\"author\" content=\"blog_author\" \/>\r\n<meta name=\"twitter:card\" content=\"summary_large_image\" \/>\r\n<meta name=\"twitter:label1\" content=\"Escrito por\" \/>\n\t<meta name=\"twitter:data1\" content=\"blog_author\" \/>\n\t<meta name=\"twitter:label2\" content=\"Tiempo de lectura\" \/>\n\t<meta name=\"twitter:data2\" content=\"3 minutos\" \/>\r\n<script type=\"application\/ld+json\" class=\"yoast-schema-graph\">{\"@context\":\"https:\\\/\\\/schema.org\",\"@graph\":[{\"@type\":\"Article\",\"@id\":\"https:\\\/\\\/www.nomilinea.com\\\/blogcms\\\/incapacidades-por-paternidad\\\/#article\",\"isPartOf\":{\"@id\":\"https:\\\/\\\/www.nomilinea.com\\\/blogcms\\\/incapacidades-por-paternidad\\\/\"},\"author\":{\"name\":\"blog_author\",\"@id\":\"https:\\\/\\\/www.nomilinea.com\\\/blogcms\\\/#\\\/schema\\\/person\\\/dc0a6502ec6557f4865ec80225acd5a1\"},\"headline\":\"Incapacidades por paternidad\",\"datePublished\":\"2025-08-29T16:53:42+00:00\",\"dateModified\":\"2026-02-17T18:08:48+00:00\",\"mainEntityOfPage\":{\"@id\":\"https:\\\/\\\/www.nomilinea.com\\\/blogcms\\\/incapacidades-por-paternidad\\\/\"},\"wordCount\":513,\"commentCount\":0,\"image\":{\"@id\":\"https:\\\/\\\/www.nomilinea.com\\\/blogcms\\\/incapacidades-por-paternidad\\\/#primaryimage\"},\"thumbnailUrl\":\"https:\\\/\\\/www.nomilinea.com\\\/blogcms\\\/wp-content\\\/uploads\\\/2025\\\/08\\\/pexels-emma-bauso-1183828-2253879-scaled.webp\",\"inLanguage\":\"es\",\"potentialAction\":[{\"@type\":\"CommentAction\",\"name\":\"Comment\",\"target\":[\"https:\\\/\\\/www.nomilinea.com\\\/blogcms\\\/incapacidades-por-paternidad\\\/#respond\"]}]},{\"@type\":\"WebPage\",\"@id\":\"https:\\\/\\\/www.nomilinea.com\\\/blogcms\\\/incapacidades-por-paternidad\\\/\",\"url\":\"https:\\\/\\\/www.nomilinea.com\\\/blogcms\\\/incapacidades-por-paternidad\\\/\",\"name\":\"Incapacidad por paternidad: Cu\u00e1ntos d\u00edas son por ley\",\"isPartOf\":{\"@id\":\"https:\\\/\\\/www.nomilinea.com\\\/blogcms\\\/#website\"},\"primaryImageOfPage\":{\"@id\":\"https:\\\/\\\/www.nomilinea.com\\\/blogcms\\\/incapacidades-por-paternidad\\\/#primaryimage\"},\"image\":{\"@id\":\"https:\\\/\\\/www.nomilinea.com\\\/blogcms\\\/incapacidades-por-paternidad\\\/#primaryimage\"},\"thumbnailUrl\":\"https:\\\/\\\/www.nomilinea.com\\\/blogcms\\\/wp-content\\\/uploads\\\/2025\\\/08\\\/pexels-emma-bauso-1183828-2253879-scaled.webp\",\"datePublished\":\"2025-08-29T16:53:42+00:00\",\"dateModified\":\"2026-02-17T18:08:48+00:00\",\"author\":{\"@id\":\"https:\\\/\\\/www.nomilinea.com\\\/blogcms\\\/#\\\/schema\\\/person\\\/dc0a6502ec6557f4865ec80225acd5a1\"},\"description\":\"Conoce sobre las incapacidades por paternidad \u2705 Te contamos cu\u00e1ntos d\u00edas de incapacidad por paternidad aplican, qu\u00e9 dice la Ley y mucho m\u00e1s.\",\"breadcrumb\":{\"@id\":\"https:\\\/\\\/www.nomilinea.com\\\/blogcms\\\/incapacidades-por-paternidad\\\/#breadcrumb\"},\"inLanguage\":\"es\",\"potentialAction\":[{\"@type\":\"ReadAction\",\"target\":[\"https:\\\/\\\/www.nomilinea.com\\\/blogcms\\\/incapacidades-por-paternidad\\\/\"]}]},{\"@type\":\"ImageObject\",\"inLanguage\":\"es\",\"@id\":\"https:\\\/\\\/www.nomilinea.com\\\/blogcms\\\/incapacidades-por-paternidad\\\/#primaryimage\",\"url\":\"https:\\\/\\\/www.nomilinea.com\\\/blogcms\\\/wp-content\\\/uploads\\\/2025\\\/08\\\/pexels-emma-bauso-1183828-2253879-scaled.webp\",\"contentUrl\":\"https:\\\/\\\/www.nomilinea.com\\\/blogcms\\\/wp-content\\\/uploads\\\/2025\\\/08\\\/pexels-emma-bauso-1183828-2253879-scaled.webp\",\"width\":2560,\"height\":1709,\"caption\":\"Incapacidades por paternidad\"},{\"@type\":\"BreadcrumbList\",\"@id\":\"https:\\\/\\\/www.nomilinea.com\\\/blogcms\\\/incapacidades-por-paternidad\\\/#breadcrumb\",\"itemListElement\":[{\"@type\":\"ListItem\",\"position\":1,\"name\":\"Inicio\",\"item\":\"https:\\\/\\\/www.nomilinea.com\\\/blogcms\\\/\"},{\"@type\":\"ListItem\",\"position\":2,\"name\":\"Incapacidades por paternidad\"}]},{\"@type\":\"WebSite\",\"@id\":\"https:\\\/\\\/www.nomilinea.com\\\/blogcms\\\/#website\",\"url\":\"https:\\\/\\\/www.nomilinea.com\\\/blogcms\\\/\",\"name\":\"Blog Nomilinea\",\"description\":\"\",\"potentialAction\":[{\"@type\":\"SearchAction\",\"target\":{\"@type\":\"EntryPoint\",\"urlTemplate\":\"https:\\\/\\\/www.nomilinea.com\\\/blogcms\\\/?s={search_term_string}\"},\"query-input\":{\"@type\":\"PropertyValueSpecification\",\"valueRequired\":true,\"valueName\":\"search_term_string\"}}],\"inLanguage\":\"es\"},{\"@type\":\"Person\",\"@id\":\"https:\\\/\\\/www.nomilinea.com\\\/blogcms\\\/#\\\/schema\\\/person\\\/dc0a6502ec6557f4865ec80225acd5a1\",\"name\":\"blog_author\",\"image\":{\"@type\":\"ImageObject\",\"inLanguage\":\"es\",\"@id\":\"https:\\\/\\\/secure.gravatar.com\\\/avatar\\\/768d52574728003410320cb27b6701ef4274ad02a8e20fa31ea0be208310b3d9?s=96&d=mm&r=g\",\"url\":\"https:\\\/\\\/secure.gravatar.com\\\/avatar\\\/768d52574728003410320cb27b6701ef4274ad02a8e20fa31ea0be208310b3d9?s=96&d=mm&r=g\",\"contentUrl\":\"https:\\\/\\\/secure.gravatar.com\\\/avatar\\\/768d52574728003410320cb27b6701ef4274ad02a8e20fa31ea0be208310b3d9?s=96&d=mm&r=g\",\"caption\":\"blog_author\"},\"sameAs\":[\"https:\\\/\\\/app.nomilinea.mx\\\/blogcms\"],\"url\":\"#molongui-disabled-link\"}]}<\/script>\r\n<!-- \/ Yoast SEO plugin. -->","yoast_head_json":{"title":"Incapacidad por paternidad: Cu\u00e1ntos d\u00edas son por ley","description":"Conoce sobre las incapacidades por paternidad \u2705 Te contamos cu\u00e1ntos d\u00edas de incapacidad por paternidad aplican, qu\u00e9 dice la Ley y mucho m\u00e1s.","robots":{"index":"index","follow":"follow","max-snippet":"max-snippet:-1","max-image-preview":"max-image-preview:large","max-video-preview":"max-video-preview:-1"},"canonical":"https:\/\/www.nomilinea.com\/blogcms\/incapacidades-por-paternidad\/","og_locale":"es_MX","og_type":"article","og_title":"Incapacidad por paternidad: Cu\u00e1ntos d\u00edas son por ley","og_description":"Conoce sobre las incapacidades por paternidad \u2705 Te contamos cu\u00e1ntos d\u00edas de incapacidad por paternidad aplican, qu\u00e9 dice la Ley y mucho m\u00e1s.","og_url":"https:\/\/www.nomilinea.com\/blogcms\/incapacidades-por-paternidad\/","og_site_name":"Blog Nomilinea","article_published_time":"2025-08-29T16:53:42+00:00","article_modified_time":"2026-02-17T18:08:48+00:00","og_image":[{"width":2560,"height":1709,"url":"https:\/\/www.nomilinea.com\/blogcms\/wp-content\/uploads\/2025\/08\/pexels-emma-bauso-1183828-2253879-scaled.webp","type":"image\/webp"}],"author":"blog_author","twitter_card":"summary_large_image","twitter_misc":{"Escrito por":"blog_author","Tiempo de lectura":"3 minutos"},"schema":{"@context":"https:\/\/schema.org","@graph":[{"@type":"Article","@id":"https:\/\/www.nomilinea.com\/blogcms\/incapacidades-por-paternidad\/#article","isPartOf":{"@id":"https:\/\/www.nomilinea.com\/blogcms\/incapacidades-por-paternidad\/"},"author":{"name":"blog_author","@id":"https:\/\/www.nomilinea.com\/blogcms\/#\/schema\/person\/dc0a6502ec6557f4865ec80225acd5a1"},"headline":"Incapacidades por paternidad","datePublished":"2025-08-29T16:53:42+00:00","dateModified":"2026-02-17T18:08:48+00:00","mainEntityOfPage":{"@id":"https:\/\/www.nomilinea.com\/blogcms\/incapacidades-por-paternidad\/"},"wordCount":513,"commentCount":0,"image":{"@id":"https:\/\/www.nomilinea.com\/blogcms\/incapacidades-por-paternidad\/#primaryimage"},"thumbnailUrl":"https:\/\/www.nomilinea.com\/blogcms\/wp-content\/uploads\/2025\/08\/pexels-emma-bauso-1183828-2253879-scaled.webp","inLanguage":"es","potentialAction":[{"@type":"CommentAction","name":"Comment","target":["https:\/\/www.nomilinea.com\/blogcms\/incapacidades-por-paternidad\/#respond"]}]},{"@type":"WebPage","@id":"https:\/\/www.nomilinea.com\/blogcms\/incapacidades-por-paternidad\/","url":"https:\/\/www.nomilinea.com\/blogcms\/incapacidades-por-paternidad\/","name":"Incapacidad por paternidad: Cu\u00e1ntos d\u00edas son por ley","isPartOf":{"@id":"https:\/\/www.nomilinea.com\/blogcms\/#website"},"primaryImageOfPage":{"@id":"https:\/\/www.nomilinea.com\/blogcms\/incapacidades-por-paternidad\/#primaryimage"},"image":{"@id":"https:\/\/www.nomilinea.com\/blogcms\/incapacidades-por-paternidad\/#primaryimage"},"thumbnailUrl":"https:\/\/www.nomilinea.com\/blogcms\/wp-content\/uploads\/2025\/08\/pexels-emma-bauso-1183828-2253879-scaled.webp","datePublished":"2025-08-29T16:53:42+00:00","dateModified":"2026-02-17T18:08:48+00:00","author":{"@id":"https:\/\/www.nomilinea.com\/blogcms\/#\/schema\/person\/dc0a6502ec6557f4865ec80225acd5a1"},"description":"Conoce sobre las incapacidades por paternidad \u2705 Te contamos cu\u00e1ntos d\u00edas de incapacidad por paternidad aplican, qu\u00e9 dice la Ley y mucho m\u00e1s.","breadcrumb":{"@id":"https:\/\/www.nomilinea.com\/blogcms\/incapacidades-por-paternidad\/#breadcrumb"},"inLanguage":"es","potentialAction":[{"@type":"ReadAction","target":["https:\/\/www.nomilinea.com\/blogcms\/incapacidades-por-paternidad\/"]}]},{"@type":"ImageObject","inLanguage":"es","@id":"https:\/\/www.nomilinea.com\/blogcms\/incapacidades-por-paternidad\/#primaryimage","url":"https:\/\/www.nomilinea.com\/blogcms\/wp-content\/uploads\/2025\/08\/pexels-emma-bauso-1183828-2253879-scaled.webp","contentUrl":"https:\/\/www.nomilinea.com\/blogcms\/wp-content\/uploads\/2025\/08\/pexels-emma-bauso-1183828-2253879-scaled.webp","width":2560,"height":1709,"caption":"Incapacidades por paternidad"},{"@type":"BreadcrumbList","@id":"https:\/\/www.nomilinea.com\/blogcms\/incapacidades-por-paternidad\/#breadcrumb","itemListElement":[{"@type":"ListItem","position":1,"name":"Inicio","item":"https:\/\/www.nomilinea.com\/blogcms\/"},{"@type":"ListItem","position":2,"name":"Incapacidades por paternidad"}]},{"@type":"WebSite","@id":"https:\/\/www.nomilinea.com\/blogcms\/#website","url":"https:\/\/www.nomilinea.com\/blogcms\/","name":"Blog Nomilinea","description":"","potentialAction":[{"@type":"SearchAction","target":{"@type":"EntryPoint","urlTemplate":"https:\/\/www.nomilinea.com\/blogcms\/?s={search_term_string}"},"query-input":{"@type":"PropertyValueSpecification","valueRequired":true,"valueName":"search_term_string"}}],"inLanguage":"es"},{"@type":"Person","@id":"https:\/\/www.nomilinea.com\/blogcms\/#\/schema\/person\/dc0a6502ec6557f4865ec80225acd5a1","name":"blog_author","image":{"@type":"ImageObject","inLanguage":"es","@id":"https:\/\/secure.gravatar.com\/avatar\/768d52574728003410320cb27b6701ef4274ad02a8e20fa31ea0be208310b3d9?s=96&d=mm&r=g","url":"https:\/\/secure.gravatar.com\/avatar\/768d52574728003410320cb27b6701ef4274ad02a8e20fa31ea0be208310b3d9?s=96&d=mm&r=g","contentUrl":"https:\/\/secure.gravatar.com\/avatar\/768d52574728003410320cb27b6701ef4274ad02a8e20fa31ea0be208310b3d9?s=96&d=mm&r=g","caption":"blog_author"},"sameAs":["https:\/\/app.nomilinea.mx\/blogcms"],"url":"#molongui-disabled-link"}]}},"_links":{"self":[{"href":"https:\/\/www.nomilinea.com\/blogcms\/wp-json\/wp\/v2\/posts\/192","targetHints":{"allow":["GET"]}}],"collection":[{"href":"https:\/\/www.nomilinea.com\/blogcms\/wp-json\/wp\/v2\/posts"}],"about":[{"href":"https:\/\/www.nomilinea.com\/blogcms\/wp-json\/wp\/v2\/types\/post"}],"author":[{"embeddable":true,"href":"https:\/\/www.nomilinea.com\/blogcms\/wp-json\/wp\/v2\/users\/1"}],"replies":[{"embeddable":true,"href":"https:\/\/www.nomilinea.com\/blogcms\/wp-json\/wp\/v2\/comments?post=192"}],"version-history":[{"count":8,"href":"https:\/\/www.nomilinea.com\/blogcms\/wp-json\/wp\/v2\/posts\/192\/revisions"}],"predecessor-version":[{"id":651,"href":"https:\/\/www.nomilinea.com\/blogcms\/wp-json\/wp\/v2\/posts\/192\/revisions\/651"}],"wp:featuredmedia":[{"embeddable":true,"href":"https:\/\/www.nomilinea.com\/blogcms\/wp-json\/wp\/v2\/media\/193"}],"wp:attachment":[{"href":"https:\/\/www.nomilinea.com\/blogcms\/wp-json\/wp\/v2\/media?parent=192"}],"wp:term":[{"taxonomy":"category","embeddable":true,"href":"https:\/\/www.nomilinea.com\/blogcms\/wp-json\/wp\/v2\/categories?post=192"},{"taxonomy":"post_tag","embeddable":true,"href":"https:\/\/www.nomilinea.com\/blogcms\/wp-json\/wp\/v2\/tags?post=192"}],"curies":[{"name":"wp","href":"https:\/\/api.w.org\/{rel}","templated":true}]}}