{"id":184,"date":"2025-08-29T16:24:18","date_gmt":"2025-08-29T16:24:18","guid":{"rendered":"https:\/\/www.nomilinea.com\/blogcms\/?p=184"},"modified":"2026-02-17T18:09:12","modified_gmt":"2026-02-17T18:09:12","slug":"semanas-cotizadas-imss","status":"publish","type":"post","link":"https:\/\/www.nomilinea.com\/blogcms\/semanas-cotizadas-imss\/","title":{"rendered":"\u00bfCu\u00e1ntas semanas cotizadas tengo ante el IMSS?"},"content":{"rendered":"\n<p>Las semanas cotizadas en el IMSS representan el <strong>tiempo durante el cual un trabajador ha estado asegurado y realizando aportaciones al Instituto Mexicano del Seguro Social.<\/strong> Es decir, cada semana en la que el empleador realiza el pago correspondiente se considera como semana laborada para efectos del seguro social.<\/p>\n\n\n\n<p>Este dato es fundamental para acceder a diversos beneficios como atenci\u00f3n m\u00e9dica, incapacidades, ahorro para el retiro y acceso a pensi\u00f3n, dependiendo del n\u00famero total acumulado y del r\u00e9gimen bajo el cual se cotiza.<\/p>\n\n\n\n<figure class=\"wp-block-image size-large wp-duotone-unset-1\"><a href=\"https:\/\/www.nomilinea.com\/registro_demo\/?utm_source=blog&amp;utm_medium=organic&amp;utm_campaign=blog_nomilinea&amp;hsLang=es\" target=\"_blank\" rel=\" noreferrer noopener\"><img loading=\"lazy\" decoding=\"async\" width=\"1024\" height=\"477\" src=\"https:\/\/www.nomilinea.com\/blogcms\/wp-content\/uploads\/2025\/11\/demo-de-software-de-nomina-1024x477.webp\" alt=\"\" class=\"wp-image-560\" srcset=\"https:\/\/www.nomilinea.com\/blogcms\/wp-content\/uploads\/2025\/11\/demo-de-software-de-nomina-1024x477.webp 1024w, https:\/\/www.nomilinea.com\/blogcms\/wp-content\/uploads\/2025\/11\/demo-de-software-de-nomina-300x140.webp 300w, https:\/\/www.nomilinea.com\/blogcms\/wp-content\/uploads\/2025\/11\/demo-de-software-de-nomina-768x358.webp 768w, https:\/\/www.nomilinea.com\/blogcms\/wp-content\/uploads\/2025\/11\/demo-de-software-de-nomina.webp 1200w\" sizes=\"auto, (max-width: 1024px) 100vw, 1024px\" \/><\/a><\/figure>\n\n\n\n<h2 class=\"wp-block-heading\"><strong>\u00bfPara qu\u00e9 sirven las semanas cotizadas en el Seguro Social?<\/strong><\/h2>\n\n\n\n<p>Contar con semanas laboradas te da acceso a:<\/p>\n\n\n\n<ul class=\"wp-block-list\">\n<li>Servicios m\u00e9dicos y hospitalarios.<\/li>\n\n\n\n<li>Prestaciones por incapacidad o maternidad.<\/li>\n\n\n\n<li>Cr\u00e9ditos <a href=\"https:\/\/www.nomilinea.com\/blogcms\/infonavit-2025-cambios-en-la-reforma-y-puntos-clave\/\">INFONAVIT<\/a>.<\/li>\n\n\n\n<li>Retiro de <a href=\"https:\/\/www.nomilinea.com\/blogcms\/que-es-el-afore-y-como-funciona\/\">AFORE<\/a>.<\/li>\n\n\n\n<li>Derecho a pensi\u00f3n, dependiendo del r\u00e9gimen aplicable (Ley 1973 o Ley 1997).&nbsp;<br><br>En el caso de la Ley 1997, el requisito de semanas cotizadas aumenta de manera gradual; para 2025 se requieren 825 semanas para acceder a la pensi\u00f3n garantizada.<\/li>\n<\/ul>\n\n\n\n<p>El n\u00famero de semanas cotizadas no solo sirve como requisito para acceder a una pensi\u00f3n, tambi\u00e9n influye directamente en el c\u00e1lculo del monto final que recibir\u00e1s. <strong>Mientras m\u00e1s semanas cotices, mayores ser\u00e1n los beneficios a los que puedes acceder<\/strong>. Este factor es clave para determinar el monto de tu pensi\u00f3n y tambi\u00e9n puede definir si tienes la opci\u00f3n de solicitar una negativa de pensi\u00f3n para retirar los fondos acumulados en tu AFORE.<\/p>\n\n\n\n<h2 class=\"wp-block-heading\"><strong>\u00bfC\u00f3mo saber cu\u00e1ntas semanas tengo cotizadas en el IMSS?<\/strong><\/h2>\n\n\n\n<p>Hoy en d\u00eda puedes conocer tus semanas laboradas f\u00e1cilmente con una consulta en l\u00ednea. Solo necesitas:<\/p>\n\n\n\n<ul class=\"wp-block-list\">\n<li>CURP<\/li>\n\n\n\n<li>N\u00famero de Seguridad Social (NSS)<\/li>\n\n\n\n<li>Correo electr\u00f3nico activo<\/li>\n<\/ul>\n\n\n\n<p>Para hacerlo solo sigue estos cuatro pasos:<\/p>\n\n\n\n<ol class=\"wp-block-list\">\n<li>Ingresa a serviciosdigitales.imss.gob.mx.<\/li>\n\n\n\n<li>Ve a la secci\u00f3n \u201cReporte de semanas cotizadas\u201d.<\/li>\n\n\n\n<li>Llena el formulario con tus datos.<\/li>\n\n\n\n<li>Recibir\u00e1s un reporte PDF al correo con tu historial.<\/li>\n<\/ol>\n\n\n\n<h2 class=\"wp-block-heading\"><strong>\u00bfC\u00f3mo llevar un control de semanas laboradas con mayor facilidad?<\/strong><\/h2>\n\n\n\n<p>Llevar un control manual puede ser tedioso y propenso a errores. Con ayuda de un software de n\u00f3minas especializado como <strong>nomilinea<\/strong> te va a permitir:<\/p>\n\n\n\n<ul class=\"wp-block-list\">\n<li>Llevar un registro automatizado de aportaciones al IMSS.<br><\/li>\n\n\n\n<li>Emitir reportes confiables.<br><\/li>\n\n\n\n<li>Calcular cuotas y movimientos conforme a la ley.<br><\/li>\n\n\n\n<li>Garantizar que los trabajadores est\u00e9n correctamente afiliados.<br><\/li>\n<\/ul>\n\n\n\n<p>Esto no solo asegura el cumplimiento normativo, sino tambi\u00e9n que cada semana quede correctamente registrada para el trabajador. Este punto es especialmente relevante considerando los cambios graduales en el requisito de semanas cotizadas bajo la Ley 1997, donde el n\u00famero m\u00ednimo aumenta a\u00f1o con a\u00f1o y resulta fundamental llevar un control preciso para garantizar el acceso a la pensi\u00f3n.<\/p>\n\n\n\n<div class=\"wp-block-buttons is-layout-flex wp-block-buttons-is-layout-flex\">\n<div class=\"wp-block-button\"><a class=\"wp-block-button__link wp-element-button\" href=\"https:\/\/www.nomilinea.com\/registro_demo\/?utm_source=blog&amp;utm_medium=organic&amp;utm_campaign=blog_nomilinea&amp;hsLang=es\">\u00a1Solicita tu demo!<\/a><\/div>\n<\/div>\n\n\n\n<p><strong>Tambi\u00e9n te puede interesar<\/strong><\/p>\n\n\n<ul class=\"wp-block-latest-posts__list is-grid columns-3 wp-block-latest-posts\"><li><div class=\"wp-block-latest-posts__featured-image\"><img loading=\"lazy\" decoding=\"async\" width=\"1024\" height=\"683\" src=\"https:\/\/www.nomilinea.com\/blogcms\/wp-content\/uploads\/2025\/04\/An\u0303o-fiscal-nomilinea-1024x683.jpg\" class=\"attachment-large size-large wp-post-image\" alt=\"A\u00f1o Fiscal 2025\" style=\"\" srcset=\"https:\/\/www.nomilinea.com\/blogcms\/wp-content\/uploads\/2025\/04\/An\u0303o-fiscal-nomilinea-1024x683.jpg 1024w, https:\/\/www.nomilinea.com\/blogcms\/wp-content\/uploads\/2025\/04\/An\u0303o-fiscal-nomilinea-300x200.jpg 300w, https:\/\/www.nomilinea.com\/blogcms\/wp-content\/uploads\/2025\/04\/An\u0303o-fiscal-nomilinea-768x512.jpg 768w, https:\/\/www.nomilinea.com\/blogcms\/wp-content\/uploads\/2025\/04\/An\u0303o-fiscal-nomilinea-1536x1024.jpg 1536w, https:\/\/www.nomilinea.com\/blogcms\/wp-content\/uploads\/2025\/04\/An\u0303o-fiscal-nomilinea-2048x1365.jpg 2048w\" sizes=\"auto, (max-width: 1024px) 100vw, 1024px\" \/><\/div><a class=\"wp-block-latest-posts__post-title\" href=\"https:\/\/www.nomilinea.com\/blogcms\/ano-fiscal-2025-cambios-clave-que-impactan-tu-nomina\/\">A\u00f1o Fiscal 2025:Cambios clave que impactan tu n\u00f3mina<\/a><\/li>\n<li><div class=\"wp-block-latest-posts__featured-image\"><img loading=\"lazy\" decoding=\"async\" width=\"1024\" height=\"683\" src=\"https:\/\/www.nomilinea.com\/blogcms\/wp-content\/uploads\/2025\/04\/Conoce-Todo-Sobre-NOM-035-1024x683.webp\" class=\"attachment-large size-large wp-post-image\" alt=\"Conoce Todo Sobre NOM 035\" style=\"\" srcset=\"https:\/\/www.nomilinea.com\/blogcms\/wp-content\/uploads\/2025\/04\/Conoce-Todo-Sobre-NOM-035-1024x683.webp 1024w, https:\/\/www.nomilinea.com\/blogcms\/wp-content\/uploads\/2025\/04\/Conoce-Todo-Sobre-NOM-035-300x200.webp 300w, https:\/\/www.nomilinea.com\/blogcms\/wp-content\/uploads\/2025\/04\/Conoce-Todo-Sobre-NOM-035-768x512.webp 768w, https:\/\/www.nomilinea.com\/blogcms\/wp-content\/uploads\/2025\/04\/Conoce-Todo-Sobre-NOM-035-1536x1024.webp 1536w, https:\/\/www.nomilinea.com\/blogcms\/wp-content\/uploads\/2025\/04\/Conoce-Todo-Sobre-NOM-035-2048x1365.webp 2048w\" sizes=\"auto, (max-width: 1024px) 100vw, 1024px\" \/><\/div><a class=\"wp-block-latest-posts__post-title\" href=\"https:\/\/www.nomilinea.com\/blogcms\/conoce-todo-sobre-nom-035\/\">Conoce Todo Sobre NOM 035<\/a><\/li>\n<li><div class=\"wp-block-latest-posts__featured-image\"><img loading=\"lazy\" decoding=\"async\" width=\"1024\" height=\"684\" src=\"https:\/\/www.nomilinea.com\/blogcms\/wp-content\/uploads\/2025\/04\/pexels-pavel-danilyuk-6340700-1024x684.webp\" class=\"attachment-large size-large wp-post-image\" alt=\"Cultura Organizacional La Clave Para Un Mejor Desempe\u00f1o\" style=\"\" srcset=\"https:\/\/www.nomilinea.com\/blogcms\/wp-content\/uploads\/2025\/04\/pexels-pavel-danilyuk-6340700-1024x684.webp 1024w, https:\/\/www.nomilinea.com\/blogcms\/wp-content\/uploads\/2025\/04\/pexels-pavel-danilyuk-6340700-300x200.webp 300w, https:\/\/www.nomilinea.com\/blogcms\/wp-content\/uploads\/2025\/04\/pexels-pavel-danilyuk-6340700-768x513.webp 768w, https:\/\/www.nomilinea.com\/blogcms\/wp-content\/uploads\/2025\/04\/pexels-pavel-danilyuk-6340700-1536x1025.webp 1536w, https:\/\/www.nomilinea.com\/blogcms\/wp-content\/uploads\/2025\/04\/pexels-pavel-danilyuk-6340700-2048x1367.webp 2048w\" sizes=\"auto, (max-width: 1024px) 100vw, 1024px\" \/><\/div><a class=\"wp-block-latest-posts__post-title\" href=\"https:\/\/www.nomilinea.com\/blogcms\/cultura-organizacional-la-clave-para-un-mejor-desempeno\/\">Cultura organizacional la clave para un mejor desempe\u00f1o<\/a><\/li>\n<li><div class=\"wp-block-latest-posts__featured-image\"><img loading=\"lazy\" decoding=\"async\" width=\"1024\" height=\"683\" src=\"https:\/\/www.nomilinea.com\/blogcms\/wp-content\/uploads\/2025\/04\/Los-5-Problemas-Ma\u0301s-Comunes-En-La-Gestio\u0301n-De-No\u0301mina-1024x683.webp\" class=\"attachment-large size-large wp-post-image\" alt=\"Los 5 Problemas M\u00e1s Comunes En La Gesti\u00f3n De N\u00f3mina\" style=\"\" srcset=\"https:\/\/www.nomilinea.com\/blogcms\/wp-content\/uploads\/2025\/04\/Los-5-Problemas-Ma\u0301s-Comunes-En-La-Gestio\u0301n-De-No\u0301mina-1024x683.webp 1024w, https:\/\/www.nomilinea.com\/blogcms\/wp-content\/uploads\/2025\/04\/Los-5-Problemas-Ma\u0301s-Comunes-En-La-Gestio\u0301n-De-No\u0301mina-300x200.webp 300w, https:\/\/www.nomilinea.com\/blogcms\/wp-content\/uploads\/2025\/04\/Los-5-Problemas-Ma\u0301s-Comunes-En-La-Gestio\u0301n-De-No\u0301mina-768x512.webp 768w, https:\/\/www.nomilinea.com\/blogcms\/wp-content\/uploads\/2025\/04\/Los-5-Problemas-Ma\u0301s-Comunes-En-La-Gestio\u0301n-De-No\u0301mina-1536x1024.webp 1536w, https:\/\/www.nomilinea.com\/blogcms\/wp-content\/uploads\/2025\/04\/Los-5-Problemas-Ma\u0301s-Comunes-En-La-Gestio\u0301n-De-No\u0301mina-2048x1365.webp 2048w\" sizes=\"auto, (max-width: 1024px) 100vw, 1024px\" \/><\/div><a class=\"wp-block-latest-posts__post-title\" href=\"https:\/\/www.nomilinea.com\/blogcms\/estos-son-los-5-problemas-mas-comunes-en-la-gestion-de-nomina\/\">Estos son los 5 problemas m\u00e1s comunes en la gesti\u00f3n de n\u00f3mina<\/a><\/li>\n<li><div class=\"wp-block-latest-posts__featured-image\"><img loading=\"lazy\" decoding=\"async\" width=\"1024\" height=\"683\" src=\"https:\/\/www.nomilinea.com\/blogcms\/wp-content\/uploads\/2025\/04\/Evita-Multas-Por-Subcontratacio\u0301n-1024x683.webp\" class=\"attachment-large size-large wp-post-image\" alt=\"Evita Multas Por Subcontrataci\u00f3n\" style=\"\" srcset=\"https:\/\/www.nomilinea.com\/blogcms\/wp-content\/uploads\/2025\/04\/Evita-Multas-Por-Subcontratacio\u0301n-1024x683.webp 1024w, https:\/\/www.nomilinea.com\/blogcms\/wp-content\/uploads\/2025\/04\/Evita-Multas-Por-Subcontratacio\u0301n-300x200.webp 300w, https:\/\/www.nomilinea.com\/blogcms\/wp-content\/uploads\/2025\/04\/Evita-Multas-Por-Subcontratacio\u0301n-768x512.webp 768w, https:\/\/www.nomilinea.com\/blogcms\/wp-content\/uploads\/2025\/04\/Evita-Multas-Por-Subcontratacio\u0301n-1536x1024.webp 1536w, https:\/\/www.nomilinea.com\/blogcms\/wp-content\/uploads\/2025\/04\/Evita-Multas-Por-Subcontratacio\u0301n-2048x1365.webp 2048w\" sizes=\"auto, (max-width: 1024px) 100vw, 1024px\" \/><\/div><a class=\"wp-block-latest-posts__post-title\" href=\"https:\/\/www.nomilinea.com\/blogcms\/evita-multas-por-subcontratacion\/\">Evita multas por subcontrataci\u00f3n<\/a><\/li>\n<li><div class=\"wp-block-latest-posts__featured-image\"><img loading=\"lazy\" decoding=\"async\" width=\"1024\" height=\"682\" src=\"https:\/\/www.nomilinea.com\/blogcms\/wp-content\/uploads\/2025\/04\/buzon_tributario_imms--1024x682.jpeg\" class=\"attachment-large size-large wp-post-image\" alt=\"Buz\u00f3n Imss\" style=\"\" srcset=\"https:\/\/www.nomilinea.com\/blogcms\/wp-content\/uploads\/2025\/04\/buzon_tributario_imms--1024x682.jpeg 1024w, https:\/\/www.nomilinea.com\/blogcms\/wp-content\/uploads\/2025\/04\/buzon_tributario_imms--300x200.jpeg 300w, https:\/\/www.nomilinea.com\/blogcms\/wp-content\/uploads\/2025\/04\/buzon_tributario_imms--768x512.jpeg 768w, https:\/\/www.nomilinea.com\/blogcms\/wp-content\/uploads\/2025\/04\/buzon_tributario_imms--1536x1024.jpeg 1536w, https:\/\/www.nomilinea.com\/blogcms\/wp-content\/uploads\/2025\/04\/buzon_tributario_imms-.jpeg 1928w\" sizes=\"auto, (max-width: 1024px) 100vw, 1024px\" \/><\/div><a class=\"wp-block-latest-posts__post-title\" href=\"https:\/\/www.nomilinea.com\/blogcms\/idse-y-buzon-imss-todo-lo-que-necesitas-saber-para-gestionarlo-facilmente\/\">IDSE Y buz\u00f3n IMSS: Todo lo que necesitas saber para gestionarlo f\u00e1cilmente<\/a><\/li>\n<\/ul>\n\n\n<p><\/p>\n","protected":false},"excerpt":{"rendered":"<p>Las semanas cotizadas en el IMSS representan el tiempo durante el cual un trabajador ha estado asegurado y realizando aportaciones al Instituto Mexicano del Seguro&#8230;<\/p>\n","protected":false},"author":1,"featured_media":185,"comment_status":"open","ping_status":"open","sticky":false,"template":"","format":"standard","meta":{"footnotes":""},"categories":[1],"tags":[],"class_list":["post-184","post","type-post","status-publish","format-standard","has-post-thumbnail","hentry","category-sin-categoria"],"yoast_head":"<!-- This site is optimized with the Yoast SEO plugin v27.5 - https:\/\/yoast.com\/product\/yoast-seo-wordpress\/ -->\r\n<title>\u00bfC\u00f3mo saber cu\u00e1ntas semanas tengo cotizadas en el IMSS?<\/title>\r\n<meta name=\"description\" content=\"\u00bfNecesitas calcular las semanas cotizadas en el IMSS? \u2705 En Nomilinea te explicamos c\u00f3mo conocer las semanas laboradas y para qu\u00e9 sirven \u2705 \u00a1Entra ahora!\" \/>\r\n<meta name=\"robots\" content=\"index, follow, max-snippet:-1, max-image-preview:large, max-video-preview:-1\" \/>\r\n<link rel=\"canonical\" href=\"https:\/\/www.nomilinea.com\/blogcms\/semanas-cotizadas-imss\/\" \/>\r\n<meta property=\"og:locale\" content=\"es_MX\" \/>\r\n<meta property=\"og:type\" content=\"article\" \/>\r\n<meta property=\"og:title\" content=\"\u00bfC\u00f3mo saber cu\u00e1ntas semanas tengo cotizadas en el IMSS?\" \/>\r\n<meta property=\"og:description\" content=\"\u00bfNecesitas calcular las semanas cotizadas en el IMSS? \u2705 En Nomilinea te explicamos c\u00f3mo conocer las semanas laboradas y para qu\u00e9 sirven \u2705 \u00a1Entra ahora!\" \/>\r\n<meta property=\"og:url\" content=\"https:\/\/www.nomilinea.com\/blogcms\/semanas-cotizadas-imss\/\" \/>\r\n<meta property=\"og:site_name\" content=\"Blog Nomilinea\" \/>\r\n<meta property=\"article:published_time\" content=\"2025-08-29T16:24:18+00:00\" \/>\r\n<meta property=\"article:modified_time\" content=\"2026-02-17T18:09:12+00:00\" \/>\r\n<meta property=\"og:image\" content=\"https:\/\/www.nomilinea.com\/blogcms\/wp-content\/uploads\/2025\/08\/pexels-jeshoots-com-147458-714701-scaled.webp\" \/>\r\n\t<meta property=\"og:image:width\" content=\"2560\" \/>\r\n\t<meta property=\"og:image:height\" content=\"1707\" \/>\r\n\t<meta property=\"og:image:type\" content=\"image\/webp\" \/>\r\n<meta name=\"author\" content=\"blog_author\" \/>\r\n<meta name=\"twitter:card\" content=\"summary_large_image\" \/>\r\n<meta name=\"twitter:label1\" content=\"Escrito por\" \/>\n\t<meta name=\"twitter:data1\" content=\"blog_author\" \/>\n\t<meta name=\"twitter:label2\" content=\"Tiempo de lectura\" \/>\n\t<meta name=\"twitter:data2\" content=\"3 minutos\" \/>\r\n<script type=\"application\/ld+json\" class=\"yoast-schema-graph\">{\"@context\":\"https:\\\/\\\/schema.org\",\"@graph\":[{\"@type\":\"Article\",\"@id\":\"https:\\\/\\\/www.nomilinea.com\\\/blogcms\\\/semanas-cotizadas-imss\\\/#article\",\"isPartOf\":{\"@id\":\"https:\\\/\\\/www.nomilinea.com\\\/blogcms\\\/semanas-cotizadas-imss\\\/\"},\"author\":{\"name\":\"blog_author\",\"@id\":\"https:\\\/\\\/www.nomilinea.com\\\/blogcms\\\/#\\\/schema\\\/person\\\/dc0a6502ec6557f4865ec80225acd5a1\"},\"headline\":\"\u00bfCu\u00e1ntas semanas cotizadas tengo ante el IMSS?\",\"datePublished\":\"2025-08-29T16:24:18+00:00\",\"dateModified\":\"2026-02-17T18:09:12+00:00\",\"mainEntityOfPage\":{\"@id\":\"https:\\\/\\\/www.nomilinea.com\\\/blogcms\\\/semanas-cotizadas-imss\\\/\"},\"wordCount\":467,\"commentCount\":0,\"image\":{\"@id\":\"https:\\\/\\\/www.nomilinea.com\\\/blogcms\\\/semanas-cotizadas-imss\\\/#primaryimage\"},\"thumbnailUrl\":\"https:\\\/\\\/www.nomilinea.com\\\/blogcms\\\/wp-content\\\/uploads\\\/2025\\\/08\\\/pexels-jeshoots-com-147458-714701-scaled.webp\",\"inLanguage\":\"es\",\"potentialAction\":[{\"@type\":\"CommentAction\",\"name\":\"Comment\",\"target\":[\"https:\\\/\\\/www.nomilinea.com\\\/blogcms\\\/semanas-cotizadas-imss\\\/#respond\"]}]},{\"@type\":\"WebPage\",\"@id\":\"https:\\\/\\\/www.nomilinea.com\\\/blogcms\\\/semanas-cotizadas-imss\\\/\",\"url\":\"https:\\\/\\\/www.nomilinea.com\\\/blogcms\\\/semanas-cotizadas-imss\\\/\",\"name\":\"\u00bfC\u00f3mo saber cu\u00e1ntas semanas tengo cotizadas en el IMSS?\",\"isPartOf\":{\"@id\":\"https:\\\/\\\/www.nomilinea.com\\\/blogcms\\\/#website\"},\"primaryImageOfPage\":{\"@id\":\"https:\\\/\\\/www.nomilinea.com\\\/blogcms\\\/semanas-cotizadas-imss\\\/#primaryimage\"},\"image\":{\"@id\":\"https:\\\/\\\/www.nomilinea.com\\\/blogcms\\\/semanas-cotizadas-imss\\\/#primaryimage\"},\"thumbnailUrl\":\"https:\\\/\\\/www.nomilinea.com\\\/blogcms\\\/wp-content\\\/uploads\\\/2025\\\/08\\\/pexels-jeshoots-com-147458-714701-scaled.webp\",\"datePublished\":\"2025-08-29T16:24:18+00:00\",\"dateModified\":\"2026-02-17T18:09:12+00:00\",\"author\":{\"@id\":\"https:\\\/\\\/www.nomilinea.com\\\/blogcms\\\/#\\\/schema\\\/person\\\/dc0a6502ec6557f4865ec80225acd5a1\"},\"description\":\"\u00bfNecesitas calcular las semanas cotizadas en el IMSS? \u2705 En Nomilinea te explicamos c\u00f3mo conocer las semanas laboradas y para qu\u00e9 sirven \u2705 \u00a1Entra ahora!\",\"breadcrumb\":{\"@id\":\"https:\\\/\\\/www.nomilinea.com\\\/blogcms\\\/semanas-cotizadas-imss\\\/#breadcrumb\"},\"inLanguage\":\"es\",\"potentialAction\":[{\"@type\":\"ReadAction\",\"target\":[\"https:\\\/\\\/www.nomilinea.com\\\/blogcms\\\/semanas-cotizadas-imss\\\/\"]}]},{\"@type\":\"ImageObject\",\"inLanguage\":\"es\",\"@id\":\"https:\\\/\\\/www.nomilinea.com\\\/blogcms\\\/semanas-cotizadas-imss\\\/#primaryimage\",\"url\":\"https:\\\/\\\/www.nomilinea.com\\\/blogcms\\\/wp-content\\\/uploads\\\/2025\\\/08\\\/pexels-jeshoots-com-147458-714701-scaled.webp\",\"contentUrl\":\"https:\\\/\\\/www.nomilinea.com\\\/blogcms\\\/wp-content\\\/uploads\\\/2025\\\/08\\\/pexels-jeshoots-com-147458-714701-scaled.webp\",\"width\":2560,\"height\":1707,\"caption\":\"\u00bfCu\u00e1ntas semanas cotizadas tengo ante el IMSS?\"},{\"@type\":\"BreadcrumbList\",\"@id\":\"https:\\\/\\\/www.nomilinea.com\\\/blogcms\\\/semanas-cotizadas-imss\\\/#breadcrumb\",\"itemListElement\":[{\"@type\":\"ListItem\",\"position\":1,\"name\":\"Inicio\",\"item\":\"https:\\\/\\\/www.nomilinea.com\\\/blogcms\\\/\"},{\"@type\":\"ListItem\",\"position\":2,\"name\":\"\u00bfCu\u00e1ntas semanas cotizadas tengo ante el IMSS?\"}]},{\"@type\":\"WebSite\",\"@id\":\"https:\\\/\\\/www.nomilinea.com\\\/blogcms\\\/#website\",\"url\":\"https:\\\/\\\/www.nomilinea.com\\\/blogcms\\\/\",\"name\":\"Blog Nomilinea\",\"description\":\"\",\"potentialAction\":[{\"@type\":\"SearchAction\",\"target\":{\"@type\":\"EntryPoint\",\"urlTemplate\":\"https:\\\/\\\/www.nomilinea.com\\\/blogcms\\\/?s={search_term_string}\"},\"query-input\":{\"@type\":\"PropertyValueSpecification\",\"valueRequired\":true,\"valueName\":\"search_term_string\"}}],\"inLanguage\":\"es\"},{\"@type\":\"Person\",\"@id\":\"https:\\\/\\\/www.nomilinea.com\\\/blogcms\\\/#\\\/schema\\\/person\\\/dc0a6502ec6557f4865ec80225acd5a1\",\"name\":\"blog_author\",\"image\":{\"@type\":\"ImageObject\",\"inLanguage\":\"es\",\"@id\":\"https:\\\/\\\/secure.gravatar.com\\\/avatar\\\/768d52574728003410320cb27b6701ef4274ad02a8e20fa31ea0be208310b3d9?s=96&d=mm&r=g\",\"url\":\"https:\\\/\\\/secure.gravatar.com\\\/avatar\\\/768d52574728003410320cb27b6701ef4274ad02a8e20fa31ea0be208310b3d9?s=96&d=mm&r=g\",\"contentUrl\":\"https:\\\/\\\/secure.gravatar.com\\\/avatar\\\/768d52574728003410320cb27b6701ef4274ad02a8e20fa31ea0be208310b3d9?s=96&d=mm&r=g\",\"caption\":\"blog_author\"},\"sameAs\":[\"https:\\\/\\\/app.nomilinea.mx\\\/blogcms\"],\"url\":\"#molongui-disabled-link\"}]}<\/script>\r\n<!-- \/ Yoast SEO plugin. -->","yoast_head_json":{"title":"\u00bfC\u00f3mo saber cu\u00e1ntas semanas tengo cotizadas en el IMSS?","description":"\u00bfNecesitas calcular las semanas cotizadas en el IMSS? \u2705 En Nomilinea te explicamos c\u00f3mo conocer las semanas laboradas y para qu\u00e9 sirven \u2705 \u00a1Entra ahora!","robots":{"index":"index","follow":"follow","max-snippet":"max-snippet:-1","max-image-preview":"max-image-preview:large","max-video-preview":"max-video-preview:-1"},"canonical":"https:\/\/www.nomilinea.com\/blogcms\/semanas-cotizadas-imss\/","og_locale":"es_MX","og_type":"article","og_title":"\u00bfC\u00f3mo saber cu\u00e1ntas semanas tengo cotizadas en el IMSS?","og_description":"\u00bfNecesitas calcular las semanas cotizadas en el IMSS? \u2705 En Nomilinea te explicamos c\u00f3mo conocer las semanas laboradas y para qu\u00e9 sirven \u2705 \u00a1Entra ahora!","og_url":"https:\/\/www.nomilinea.com\/blogcms\/semanas-cotizadas-imss\/","og_site_name":"Blog Nomilinea","article_published_time":"2025-08-29T16:24:18+00:00","article_modified_time":"2026-02-17T18:09:12+00:00","og_image":[{"width":2560,"height":1707,"url":"https:\/\/www.nomilinea.com\/blogcms\/wp-content\/uploads\/2025\/08\/pexels-jeshoots-com-147458-714701-scaled.webp","type":"image\/webp"}],"author":"blog_author","twitter_card":"summary_large_image","twitter_misc":{"Escrito por":"blog_author","Tiempo de lectura":"3 minutos"},"schema":{"@context":"https:\/\/schema.org","@graph":[{"@type":"Article","@id":"https:\/\/www.nomilinea.com\/blogcms\/semanas-cotizadas-imss\/#article","isPartOf":{"@id":"https:\/\/www.nomilinea.com\/blogcms\/semanas-cotizadas-imss\/"},"author":{"name":"blog_author","@id":"https:\/\/www.nomilinea.com\/blogcms\/#\/schema\/person\/dc0a6502ec6557f4865ec80225acd5a1"},"headline":"\u00bfCu\u00e1ntas semanas cotizadas tengo ante el IMSS?","datePublished":"2025-08-29T16:24:18+00:00","dateModified":"2026-02-17T18:09:12+00:00","mainEntityOfPage":{"@id":"https:\/\/www.nomilinea.com\/blogcms\/semanas-cotizadas-imss\/"},"wordCount":467,"commentCount":0,"image":{"@id":"https:\/\/www.nomilinea.com\/blogcms\/semanas-cotizadas-imss\/#primaryimage"},"thumbnailUrl":"https:\/\/www.nomilinea.com\/blogcms\/wp-content\/uploads\/2025\/08\/pexels-jeshoots-com-147458-714701-scaled.webp","inLanguage":"es","potentialAction":[{"@type":"CommentAction","name":"Comment","target":["https:\/\/www.nomilinea.com\/blogcms\/semanas-cotizadas-imss\/#respond"]}]},{"@type":"WebPage","@id":"https:\/\/www.nomilinea.com\/blogcms\/semanas-cotizadas-imss\/","url":"https:\/\/www.nomilinea.com\/blogcms\/semanas-cotizadas-imss\/","name":"\u00bfC\u00f3mo saber cu\u00e1ntas semanas tengo cotizadas en el IMSS?","isPartOf":{"@id":"https:\/\/www.nomilinea.com\/blogcms\/#website"},"primaryImageOfPage":{"@id":"https:\/\/www.nomilinea.com\/blogcms\/semanas-cotizadas-imss\/#primaryimage"},"image":{"@id":"https:\/\/www.nomilinea.com\/blogcms\/semanas-cotizadas-imss\/#primaryimage"},"thumbnailUrl":"https:\/\/www.nomilinea.com\/blogcms\/wp-content\/uploads\/2025\/08\/pexels-jeshoots-com-147458-714701-scaled.webp","datePublished":"2025-08-29T16:24:18+00:00","dateModified":"2026-02-17T18:09:12+00:00","author":{"@id":"https:\/\/www.nomilinea.com\/blogcms\/#\/schema\/person\/dc0a6502ec6557f4865ec80225acd5a1"},"description":"\u00bfNecesitas calcular las semanas cotizadas en el IMSS? \u2705 En Nomilinea te explicamos c\u00f3mo conocer las semanas laboradas y para qu\u00e9 sirven \u2705 \u00a1Entra ahora!","breadcrumb":{"@id":"https:\/\/www.nomilinea.com\/blogcms\/semanas-cotizadas-imss\/#breadcrumb"},"inLanguage":"es","potentialAction":[{"@type":"ReadAction","target":["https:\/\/www.nomilinea.com\/blogcms\/semanas-cotizadas-imss\/"]}]},{"@type":"ImageObject","inLanguage":"es","@id":"https:\/\/www.nomilinea.com\/blogcms\/semanas-cotizadas-imss\/#primaryimage","url":"https:\/\/www.nomilinea.com\/blogcms\/wp-content\/uploads\/2025\/08\/pexels-jeshoots-com-147458-714701-scaled.webp","contentUrl":"https:\/\/www.nomilinea.com\/blogcms\/wp-content\/uploads\/2025\/08\/pexels-jeshoots-com-147458-714701-scaled.webp","width":2560,"height":1707,"caption":"\u00bfCu\u00e1ntas semanas cotizadas tengo ante el IMSS?"},{"@type":"BreadcrumbList","@id":"https:\/\/www.nomilinea.com\/blogcms\/semanas-cotizadas-imss\/#breadcrumb","itemListElement":[{"@type":"ListItem","position":1,"name":"Inicio","item":"https:\/\/www.nomilinea.com\/blogcms\/"},{"@type":"ListItem","position":2,"name":"\u00bfCu\u00e1ntas semanas cotizadas tengo ante el IMSS?"}]},{"@type":"WebSite","@id":"https:\/\/www.nomilinea.com\/blogcms\/#website","url":"https:\/\/www.nomilinea.com\/blogcms\/","name":"Blog Nomilinea","description":"","potentialAction":[{"@type":"SearchAction","target":{"@type":"EntryPoint","urlTemplate":"https:\/\/www.nomilinea.com\/blogcms\/?s={search_term_string}"},"query-input":{"@type":"PropertyValueSpecification","valueRequired":true,"valueName":"search_term_string"}}],"inLanguage":"es"},{"@type":"Person","@id":"https:\/\/www.nomilinea.com\/blogcms\/#\/schema\/person\/dc0a6502ec6557f4865ec80225acd5a1","name":"blog_author","image":{"@type":"ImageObject","inLanguage":"es","@id":"https:\/\/secure.gravatar.com\/avatar\/768d52574728003410320cb27b6701ef4274ad02a8e20fa31ea0be208310b3d9?s=96&d=mm&r=g","url":"https:\/\/secure.gravatar.com\/avatar\/768d52574728003410320cb27b6701ef4274ad02a8e20fa31ea0be208310b3d9?s=96&d=mm&r=g","contentUrl":"https:\/\/secure.gravatar.com\/avatar\/768d52574728003410320cb27b6701ef4274ad02a8e20fa31ea0be208310b3d9?s=96&d=mm&r=g","caption":"blog_author"},"sameAs":["https:\/\/app.nomilinea.mx\/blogcms"],"url":"#molongui-disabled-link"}]}},"_links":{"self":[{"href":"https:\/\/www.nomilinea.com\/blogcms\/wp-json\/wp\/v2\/posts\/184","targetHints":{"allow":["GET"]}}],"collection":[{"href":"https:\/\/www.nomilinea.com\/blogcms\/wp-json\/wp\/v2\/posts"}],"about":[{"href":"https:\/\/www.nomilinea.com\/blogcms\/wp-json\/wp\/v2\/types\/post"}],"author":[{"embeddable":true,"href":"https:\/\/www.nomilinea.com\/blogcms\/wp-json\/wp\/v2\/users\/1"}],"replies":[{"embeddable":true,"href":"https:\/\/www.nomilinea.com\/blogcms\/wp-json\/wp\/v2\/comments?post=184"}],"version-history":[{"count":7,"href":"https:\/\/www.nomilinea.com\/blogcms\/wp-json\/wp\/v2\/posts\/184\/revisions"}],"predecessor-version":[{"id":649,"href":"https:\/\/www.nomilinea.com\/blogcms\/wp-json\/wp\/v2\/posts\/184\/revisions\/649"}],"wp:featuredmedia":[{"embeddable":true,"href":"https:\/\/www.nomilinea.com\/blogcms\/wp-json\/wp\/v2\/media\/185"}],"wp:attachment":[{"href":"https:\/\/www.nomilinea.com\/blogcms\/wp-json\/wp\/v2\/media?parent=184"}],"wp:term":[{"taxonomy":"category","embeddable":true,"href":"https:\/\/www.nomilinea.com\/blogcms\/wp-json\/wp\/v2\/categories?post=184"},{"taxonomy":"post_tag","embeddable":true,"href":"https:\/\/www.nomilinea.com\/blogcms\/wp-json\/wp\/v2\/tags?post=184"}],"curies":[{"name":"wp","href":"https:\/\/api.w.org\/{rel}","templated":true}]}}