{"id":12,"date":"2025-04-08T19:03:10","date_gmt":"2025-04-08T19:03:10","guid":{"rendered":"https:\/\/app.nomilinea.mx\/blogcms\/?p=12"},"modified":"2026-02-17T18:21:12","modified_gmt":"2026-02-17T18:21:12","slug":"ano-fiscal-2025-cambios-clave-que-impactan-tu-nomina","status":"publish","type":"post","link":"https:\/\/www.nomilinea.com\/blogcms\/ano-fiscal-2025-cambios-clave-que-impactan-tu-nomina\/","title":{"rendered":"A\u00f1o Fiscal 2025:Cambios clave que impactan tu n\u00f3mina"},"content":{"rendered":"<div class=\"elementor-widget-container\">\n<p class=\"p2\">El A\u00f1o Fiscal 2025 ya est\u00e1 en marcha, y con \u00e9l, ajustes importantes en salarios, impuestos y regulaciones que afectan directamente la gesti\u00f3n de n\u00f3minas y costos laborales. Para ayudarte a estar al d\u00eda, te compartimos los cambios m\u00e1s relevantes y c\u00f3mo asegurarte de cumplir con cada uno de ellos.<\/p>\n<p class=\"p2\"><strong>1. Incrementos al Salario M\u00ednimo<\/strong><\/p>\n<p class=\"p2\">Desde el 1 de enero de 2025, el salario m\u00ednimo aument\u00f3:<\/p>\n<ul>\n<li class=\"p2\"><strong>Salario M\u00ednimo General:<\/strong> $278.80 diarios (antes $248.93).<\/li>\n<li class=\"p2\"><strong>Zona Libre de la Frontera Norte:<\/strong> $419.88 diarios (antes $374.89).<\/li>\n<\/ul>\n<p class=\"p2\"><strong>2. Actualizaci\u00f3n de la UMA<\/strong><\/p>\n<p class=\"p2\">A partir del 1 de febrero, la Unidad de Medida y Actualizaci\u00f3n (UMA) cambi\u00f3 a:<\/p>\n<ul>\n<li class=\"p2\"><strong>Diaria:<\/strong> $108.75<\/li>\n<li class=\"p2\"><strong>Mensual:<\/strong> $3,312.75<\/li>\n<li class=\"p2\"><strong>Anual:<\/strong> $39,753<\/li>\n<\/ul>\n<p class=\"p2\"><strong>3. Ajustes en el ISR<\/strong><\/p>\n<p class=\"p2\">El SAT actualiz\u00f3 las tablas del ISR con base en la inflaci\u00f3n:<\/p>\n<ul>\n<li class=\"p2\"><strong>Hasta $7,735.00:<\/strong> exento de ISR.<\/li>\n<li class=\"p2\"><strong>De $7,735.01 a $65,651.07:<\/strong> tasas de 1.92% a 21.36%.<\/li>\n<li class=\"p2\"><strong>M\u00e1s de $65,651.08:<\/strong> tasa m\u00e1xima del 35%.<\/li>\n<\/ul>\n<p class=\"p2\"><strong>4. Cambios en el ISN por Estado<\/strong><\/p>\n<p class=\"p2\">El Impuesto Sobre N\u00f3mina (ISN) aument\u00f3 en algunos estados. Estas son las nuevas tasas en los principales:<\/p>\n<ul>\n<li class=\"p2\"><strong>CDMX:<\/strong> 4% (incremento para grandes empresas).<\/li>\n<li class=\"p2\"><strong>Quintana Roo:<\/strong> 3.5% (antes 3%).<\/li>\n<li class=\"p2\"><strong>Chihuahua:<\/strong> 3.3% (antes 3%).<\/li>\n<li class=\"p2\"><strong>Jalisco, Nuevo Le\u00f3n, Edomex, Veracruz, Puebla, Michoac\u00e1n:<\/strong> 3%.<\/li>\n<li class=\"p2\"><strong>Tabasco:<\/strong> 2.5%.<\/li>\n<\/ul>\n<p class=\"p2\">Para consultar la lista completa, visita el portal del SAT.<\/p>\n<p class=\"p2\"><strong>5. Nuevos Procedimientos ante el IMSS<\/strong><\/p>\n<p class=\"p2\">El IMSS implement\u00f3 ajustes en reportes y plazos:<\/p>\n<p class=\"p2\"><strong>Reportes bimestrales:<\/strong> Los ingresos variables (comisiones, bonos) deben notificarse cada dos meses.<\/p>\n<p class=\"p2\"><strong>Plazos para reportar:<\/strong><\/p>\n<ul>\n<li class=\"p2\"><strong>Salarios fijos:<\/strong> Dentro de los primeros 5 d\u00edas h\u00e1biles tras un ajuste.<\/li>\n<li class=\"p2\"><strong>Salarios variables:<\/strong> Reporte obligatorio en enero, marzo, mayo, julio, septiembre y noviembre.<\/li>\n<\/ul>\n<p class=\"p2\">Los retrasos pueden generar multas de hasta 20 UMAs por empleado.<\/p>\n<p style=\"background-color: transparent;\"> <span style=\"color: #0099a0;\"><strong>C\u00f3mo Cumplir con las Nuevas Normativas<\/strong><\/span><\/p>\n<p class=\"p2\"><strong>Mant\u00e9n tu sistema de n\u00f3mina actualizado<\/strong><\/p>\n<p class=\"p2\">Con los ajustes en salarios, ISR, UMA e ISN, necesitas una plataforma que los aplique autom\u00e1ticamente. nomilinea ya est\u00e1 configurado con todos estos cambios.<\/p>\n<p class=\"p2\"><strong>Capacita a tu equipo<\/strong><\/p>\n<p class=\"p2\">Las nuevas reglas del IMSS y SAT requieren atenci\u00f3n. Un equipo informado evitar\u00e1 errores y mejorar\u00e1 la eficiencia en la gesti\u00f3n de n\u00f3mina.<\/p>\n<p class=\"p2\"><strong>Audita tu n\u00f3mina y procesos peri\u00f3dicamente<\/strong><\/p>\n<p class=\"p2\">Aseg\u00farate de que los c\u00e1lculos de ISR, ISN y reportes ante el IMSS cumplan con las disposiciones actuales. Con nomilinea, puedes generar reportes detallados que facilitan esta auditor\u00eda.<\/p>\n<p class=\"p2\"><strong>Optimiza tu operaci\u00f3n con tecnolog\u00eda<\/strong><\/p>\n<p class=\"p2\">Si buscas <strong>reducir errores y ahorrar tiempo,<\/strong> es el momento ideal para evaluar tus herramientas. <strong>nomilinea<\/strong> te permite automatizar todo el proceso de n\u00f3mina sin preocupaciones. <\/p>\n<p class=\"p2\"><strong>Mantente al D\u00eda y Evita Multas en 2025 <\/strong><\/p>\n<p class=\"p2\">Adaptarte a estos cambios no solo garantiza el cumplimiento legal, sino que tambi\u00e9n te ayuda a <strong>optimizar costos y mejorar tu operaci\u00f3n.<\/strong><\/p>\n<p class=\"p2\"> <strong>\u00bfListo para simplificar tu n\u00f3mina en 2025?<\/strong> Escr\u00edbenos y descubre c\u00f3mo <strong>nomilinea<\/strong> puede ayudarte a estar siempre al d\u00eda. <\/p>\n<\/p>\n<\/div>\n\n\n<div class=\"wp-block-buttons is-layout-flex wp-block-buttons-is-layout-flex\">\n<div class=\"wp-block-button\"><a class=\"wp-block-button__link wp-element-button\" href=\"https:\/\/www.nomilinea.com\/registro_demo\/?utm_source=blog&amp;utm_medium=organic&amp;utm_campaign=blog_nomilinea&amp;hsLang=es\">\u00a1Solicita tu Demo hoy!<\/a><\/div>\n<\/div>\n\n\n\n<p><strong>Tambi\u00e9n te puede interesar<\/strong><\/p>\n\n\n<ul class=\"wp-block-latest-posts__list is-grid columns-3 wp-block-latest-posts\"><li><div class=\"wp-block-latest-posts__featured-image\"><img loading=\"lazy\" decoding=\"async\" width=\"1024\" height=\"683\" src=\"https:\/\/www.nomilinea.com\/blogcms\/wp-content\/uploads\/2026\/04\/Que\u0301-es-la-constancia-de-situacio\u0301n-fiscal-1-1024x683.webp\" class=\"attachment-large size-large wp-post-image\" alt=\"Que\u0301 es la constancia de situacio\u0301n fiscal\" style=\"\" srcset=\"https:\/\/www.nomilinea.com\/blogcms\/wp-content\/uploads\/2026\/04\/Que\u0301-es-la-constancia-de-situacio\u0301n-fiscal-1-1024x683.webp 1024w, https:\/\/www.nomilinea.com\/blogcms\/wp-content\/uploads\/2026\/04\/Que\u0301-es-la-constancia-de-situacio\u0301n-fiscal-1-300x200.webp 300w, https:\/\/www.nomilinea.com\/blogcms\/wp-content\/uploads\/2026\/04\/Que\u0301-es-la-constancia-de-situacio\u0301n-fiscal-1-768x512.webp 768w, https:\/\/www.nomilinea.com\/blogcms\/wp-content\/uploads\/2026\/04\/Que\u0301-es-la-constancia-de-situacio\u0301n-fiscal-1.webp 1200w\" sizes=\"auto, (max-width: 1024px) 100vw, 1024px\" \/><\/div><a class=\"wp-block-latest-posts__post-title\" href=\"https:\/\/www.nomilinea.com\/blogcms\/que-es-la-constancia-de-situacion-fiscal\/\">Qu\u00e9 es la constancia de situaci\u00f3n fiscal y para qu\u00e9 sirve<\/a><\/li>\n<li><div class=\"wp-block-latest-posts__featured-image\"><img loading=\"lazy\" decoding=\"async\" width=\"1024\" height=\"683\" src=\"https:\/\/www.nomilinea.com\/blogcms\/wp-content\/uploads\/2026\/04\/Que\u0301-es-el-nu\u0301mero-de-identificacio\u0301n-fiscal-1024x683.webp\" class=\"attachment-large size-large wp-post-image\" alt=\"Qu\u00e9 es el n\u00famero de identificaci\u00f3n fiscal\" style=\"\" srcset=\"https:\/\/www.nomilinea.com\/blogcms\/wp-content\/uploads\/2026\/04\/Que\u0301-es-el-nu\u0301mero-de-identificacio\u0301n-fiscal-1024x683.webp 1024w, https:\/\/www.nomilinea.com\/blogcms\/wp-content\/uploads\/2026\/04\/Que\u0301-es-el-nu\u0301mero-de-identificacio\u0301n-fiscal-300x200.webp 300w, https:\/\/www.nomilinea.com\/blogcms\/wp-content\/uploads\/2026\/04\/Que\u0301-es-el-nu\u0301mero-de-identificacio\u0301n-fiscal-768x512.webp 768w, https:\/\/www.nomilinea.com\/blogcms\/wp-content\/uploads\/2026\/04\/Que\u0301-es-el-nu\u0301mero-de-identificacio\u0301n-fiscal-1536x1024.webp 1536w, https:\/\/www.nomilinea.com\/blogcms\/wp-content\/uploads\/2026\/04\/Que\u0301-es-el-nu\u0301mero-de-identificacio\u0301n-fiscal-2048x1365.webp 2048w, https:\/\/www.nomilinea.com\/blogcms\/wp-content\/uploads\/2026\/04\/Que\u0301-es-el-nu\u0301mero-de-identificacio\u0301n-fiscal-1200x800.webp 1200w\" sizes=\"auto, (max-width: 1024px) 100vw, 1024px\" \/><\/div><a class=\"wp-block-latest-posts__post-title\" href=\"https:\/\/www.nomilinea.com\/blogcms\/que-es-el-numero-de-identificacion-fiscal\/\">Qu\u00e9 es el n\u00famero de identificaci\u00f3n fiscal y para qu\u00e9 sirve<\/a><\/li>\n<li><div class=\"wp-block-latest-posts__featured-image\"><img loading=\"lazy\" decoding=\"async\" width=\"1024\" height=\"683\" src=\"https:\/\/www.nomilinea.com\/blogcms\/wp-content\/uploads\/2026\/04\/Que\u0301-pasa-si-no-declaro-al-SAT-1024x683.webp\" class=\"attachment-large size-large wp-post-image\" alt=\"Qu\u00e9 pasa si no declaro al SAT\" style=\"\" srcset=\"https:\/\/www.nomilinea.com\/blogcms\/wp-content\/uploads\/2026\/04\/Que\u0301-pasa-si-no-declaro-al-SAT-1024x683.webp 1024w, https:\/\/www.nomilinea.com\/blogcms\/wp-content\/uploads\/2026\/04\/Que\u0301-pasa-si-no-declaro-al-SAT-300x200.webp 300w, https:\/\/www.nomilinea.com\/blogcms\/wp-content\/uploads\/2026\/04\/Que\u0301-pasa-si-no-declaro-al-SAT-768x512.webp 768w, https:\/\/www.nomilinea.com\/blogcms\/wp-content\/uploads\/2026\/04\/Que\u0301-pasa-si-no-declaro-al-SAT-1536x1024.webp 1536w, https:\/\/www.nomilinea.com\/blogcms\/wp-content\/uploads\/2026\/04\/Que\u0301-pasa-si-no-declaro-al-SAT-2048x1365.webp 2048w, https:\/\/www.nomilinea.com\/blogcms\/wp-content\/uploads\/2026\/04\/Que\u0301-pasa-si-no-declaro-al-SAT-1200x800.webp 1200w\" sizes=\"auto, (max-width: 1024px) 100vw, 1024px\" \/><\/div><a class=\"wp-block-latest-posts__post-title\" href=\"https:\/\/www.nomilinea.com\/blogcms\/que-pasa-si-no-declaro-al-sat\/\">Qu\u00e9 pasa si no declaro al SAT: consecuencias y c\u00f3mo evitar problemas<\/a><\/li>\n<li><div class=\"wp-block-latest-posts__featured-image\"><img loading=\"lazy\" decoding=\"async\" width=\"1024\" height=\"683\" src=\"https:\/\/www.nomilinea.com\/blogcms\/wp-content\/uploads\/2026\/04\/quienes-presentan-declaracion-anual-1024x683.webp\" class=\"attachment-large size-large wp-post-image\" alt=\"quienes presentan declaracion anual\" style=\"\" srcset=\"https:\/\/www.nomilinea.com\/blogcms\/wp-content\/uploads\/2026\/04\/quienes-presentan-declaracion-anual-1024x683.webp 1024w, https:\/\/www.nomilinea.com\/blogcms\/wp-content\/uploads\/2026\/04\/quienes-presentan-declaracion-anual-300x200.webp 300w, https:\/\/www.nomilinea.com\/blogcms\/wp-content\/uploads\/2026\/04\/quienes-presentan-declaracion-anual-768x513.webp 768w, https:\/\/www.nomilinea.com\/blogcms\/wp-content\/uploads\/2026\/04\/quienes-presentan-declaracion-anual-1536x1025.webp 1536w, https:\/\/www.nomilinea.com\/blogcms\/wp-content\/uploads\/2026\/04\/quienes-presentan-declaracion-anual-2048x1367.webp 2048w, https:\/\/www.nomilinea.com\/blogcms\/wp-content\/uploads\/2026\/04\/quienes-presentan-declaracion-anual-1200x800.webp 1200w\" sizes=\"auto, (max-width: 1024px) 100vw, 1024px\" \/><\/div><a class=\"wp-block-latest-posts__post-title\" href=\"https:\/\/www.nomilinea.com\/blogcms\/quienes-presentan-declaracion-anual-guia-completa-para-saber-si-estas-obligado\/\">Qui\u00e9nes presentan declaraci\u00f3n anual: gu\u00eda completa para saber si est\u00e1s obligado<\/a><\/li>\n<li><div class=\"wp-block-latest-posts__featured-image\"><img loading=\"lazy\" decoding=\"async\" width=\"1024\" height=\"683\" src=\"https:\/\/www.nomilinea.com\/blogcms\/wp-content\/uploads\/2026\/04\/tipos-de-nomina-1024x683.webp\" class=\"attachment-large size-large wp-post-image\" alt=\"tipos de n\u00f3mina\" style=\"\" srcset=\"https:\/\/www.nomilinea.com\/blogcms\/wp-content\/uploads\/2026\/04\/tipos-de-nomina-1024x683.webp 1024w, https:\/\/www.nomilinea.com\/blogcms\/wp-content\/uploads\/2026\/04\/tipos-de-nomina-300x200.webp 300w, https:\/\/www.nomilinea.com\/blogcms\/wp-content\/uploads\/2026\/04\/tipos-de-nomina-768x512.webp 768w, https:\/\/www.nomilinea.com\/blogcms\/wp-content\/uploads\/2026\/04\/tipos-de-nomina-1536x1024.webp 1536w, https:\/\/www.nomilinea.com\/blogcms\/wp-content\/uploads\/2026\/04\/tipos-de-nomina-2048x1365.webp 2048w, https:\/\/www.nomilinea.com\/blogcms\/wp-content\/uploads\/2026\/04\/tipos-de-nomina-1200x800.webp 1200w\" sizes=\"auto, (max-width: 1024px) 100vw, 1024px\" \/><\/div><a class=\"wp-block-latest-posts__post-title\" href=\"https:\/\/www.nomilinea.com\/blogcms\/tipos-de-nomina\/\">Tipos de n\u00f3mina: gu\u00eda completa para entender su clasificaci\u00f3n<\/a><\/li>\n<li><div class=\"wp-block-latest-posts__featured-image\"><img loading=\"lazy\" decoding=\"async\" width=\"1024\" height=\"603\" src=\"https:\/\/www.nomilinea.com\/blogcms\/wp-content\/uploads\/2025\/06\/Co\u0301mo-calcular-las-PTU-1024x603.webp\" class=\"attachment-large size-large wp-post-image\" alt=\"C\u00f3mo calcular el PTU\" style=\"\" srcset=\"https:\/\/www.nomilinea.com\/blogcms\/wp-content\/uploads\/2025\/06\/Co\u0301mo-calcular-las-PTU-1024x603.webp 1024w, https:\/\/www.nomilinea.com\/blogcms\/wp-content\/uploads\/2025\/06\/Co\u0301mo-calcular-las-PTU-300x177.webp 300w, https:\/\/www.nomilinea.com\/blogcms\/wp-content\/uploads\/2025\/06\/Co\u0301mo-calcular-las-PTU-768x452.webp 768w, https:\/\/www.nomilinea.com\/blogcms\/wp-content\/uploads\/2025\/06\/Co\u0301mo-calcular-las-PTU-1536x905.webp 1536w, https:\/\/www.nomilinea.com\/blogcms\/wp-content\/uploads\/2025\/06\/Co\u0301mo-calcular-las-PTU-2048x1206.webp 2048w\" sizes=\"auto, (max-width: 1024px) 100vw, 1024px\" \/><\/div><a class=\"wp-block-latest-posts__post-title\" href=\"https:\/\/www.nomilinea.com\/blogcms\/como-calcular-el-ptu-de-forma-simple-y-correcta\/\">C\u00f3mo calcular el PTU 2026 de forma simple y correcta<\/a><\/li>\n<\/ul>","protected":false},"excerpt":{"rendered":"<p>El A\u00f1o Fiscal 2025 ya est\u00e1 en marcha, y con \u00e9l, ajustes importantes en salarios, impuestos y regulaciones que afectan directamente la gesti\u00f3n de n\u00f3minas&#8230;<\/p>\n","protected":false},"author":1,"featured_media":315,"comment_status":"closed","ping_status":"open","sticky":false,"template":"","format":"standard","meta":{"footnotes":""},"categories":[1],"tags":[],"class_list":["post-12","post","type-post","status-publish","format-standard","has-post-thumbnail","hentry","category-sin-categoria"],"yoast_head":"<!-- This site is optimized with the Yoast SEO plugin v27.5 - https:\/\/yoast.com\/product\/yoast-seo-wordpress\/ -->\r\n<title>A\u00f1o Fiscal 2025:Cambios clave que impactan tu n\u00f3mina - Blog Nomilinea<\/title>\r\n<meta name=\"robots\" content=\"index, follow, max-snippet:-1, max-image-preview:large, max-video-preview:-1\" \/>\r\n<link rel=\"canonical\" href=\"https:\/\/www.nomilinea.com\/blogcms\/ano-fiscal-2025-cambios-clave-que-impactan-tu-nomina\/\" \/>\r\n<meta property=\"og:locale\" content=\"es_MX\" \/>\r\n<meta property=\"og:type\" content=\"article\" \/>\r\n<meta property=\"og:title\" content=\"A\u00f1o Fiscal 2025:Cambios clave que impactan tu n\u00f3mina - Blog Nomilinea\" \/>\r\n<meta property=\"og:description\" content=\"El A\u00f1o Fiscal 2025 ya est\u00e1 en marcha, y con \u00e9l, ajustes importantes en salarios, impuestos y regulaciones que afectan directamente la gesti\u00f3n de n\u00f3minas...\" \/>\r\n<meta property=\"og:url\" content=\"https:\/\/www.nomilinea.com\/blogcms\/ano-fiscal-2025-cambios-clave-que-impactan-tu-nomina\/\" \/>\r\n<meta property=\"og:site_name\" content=\"Blog Nomilinea\" \/>\r\n<meta property=\"article:published_time\" content=\"2025-04-08T19:03:10+00:00\" \/>\r\n<meta property=\"article:modified_time\" content=\"2026-02-17T18:21:12+00:00\" \/>\r\n<meta property=\"og:image\" content=\"https:\/\/www.nomilinea.com\/blogcms\/wp-content\/uploads\/2025\/04\/An\u0303o-fiscal-nomilinea-scaled.jpg\" \/>\r\n\t<meta property=\"og:image:width\" content=\"2560\" \/>\r\n\t<meta property=\"og:image:height\" content=\"1707\" \/>\r\n\t<meta property=\"og:image:type\" content=\"image\/jpeg\" \/>\r\n<meta name=\"author\" content=\"blog_author\" \/>\r\n<meta name=\"twitter:card\" content=\"summary_large_image\" \/>\r\n<meta name=\"twitter:label1\" content=\"Escrito por\" \/>\n\t<meta name=\"twitter:data1\" content=\"blog_author\" \/>\n\t<meta name=\"twitter:label2\" content=\"Tiempo de lectura\" \/>\n\t<meta name=\"twitter:data2\" content=\"3 minutos\" \/>\r\n<script type=\"application\/ld+json\" class=\"yoast-schema-graph\">{\"@context\":\"https:\\\/\\\/schema.org\",\"@graph\":[{\"@type\":\"Article\",\"@id\":\"https:\\\/\\\/www.nomilinea.com\\\/blogcms\\\/ano-fiscal-2025-cambios-clave-que-impactan-tu-nomina\\\/#article\",\"isPartOf\":{\"@id\":\"https:\\\/\\\/www.nomilinea.com\\\/blogcms\\\/ano-fiscal-2025-cambios-clave-que-impactan-tu-nomina\\\/\"},\"author\":{\"name\":\"blog_author\",\"@id\":\"https:\\\/\\\/www.nomilinea.com\\\/blogcms\\\/#\\\/schema\\\/person\\\/dc0a6502ec6557f4865ec80225acd5a1\"},\"headline\":\"A\u00f1o Fiscal 2025:Cambios clave que impactan tu n\u00f3mina\",\"datePublished\":\"2025-04-08T19:03:10+00:00\",\"dateModified\":\"2026-02-17T18:21:12+00:00\",\"mainEntityOfPage\":{\"@id\":\"https:\\\/\\\/www.nomilinea.com\\\/blogcms\\\/ano-fiscal-2025-cambios-clave-que-impactan-tu-nomina\\\/\"},\"wordCount\":473,\"image\":{\"@id\":\"https:\\\/\\\/www.nomilinea.com\\\/blogcms\\\/ano-fiscal-2025-cambios-clave-que-impactan-tu-nomina\\\/#primaryimage\"},\"thumbnailUrl\":\"https:\\\/\\\/www.nomilinea.com\\\/blogcms\\\/wp-content\\\/uploads\\\/2025\\\/04\\\/An\u0303o-fiscal-nomilinea-scaled.jpg\",\"inLanguage\":\"es\"},{\"@type\":\"WebPage\",\"@id\":\"https:\\\/\\\/www.nomilinea.com\\\/blogcms\\\/ano-fiscal-2025-cambios-clave-que-impactan-tu-nomina\\\/\",\"url\":\"https:\\\/\\\/www.nomilinea.com\\\/blogcms\\\/ano-fiscal-2025-cambios-clave-que-impactan-tu-nomina\\\/\",\"name\":\"A\u00f1o Fiscal 2025:Cambios clave que impactan tu n\u00f3mina - Blog Nomilinea\",\"isPartOf\":{\"@id\":\"https:\\\/\\\/www.nomilinea.com\\\/blogcms\\\/#website\"},\"primaryImageOfPage\":{\"@id\":\"https:\\\/\\\/www.nomilinea.com\\\/blogcms\\\/ano-fiscal-2025-cambios-clave-que-impactan-tu-nomina\\\/#primaryimage\"},\"image\":{\"@id\":\"https:\\\/\\\/www.nomilinea.com\\\/blogcms\\\/ano-fiscal-2025-cambios-clave-que-impactan-tu-nomina\\\/#primaryimage\"},\"thumbnailUrl\":\"https:\\\/\\\/www.nomilinea.com\\\/blogcms\\\/wp-content\\\/uploads\\\/2025\\\/04\\\/An\u0303o-fiscal-nomilinea-scaled.jpg\",\"datePublished\":\"2025-04-08T19:03:10+00:00\",\"dateModified\":\"2026-02-17T18:21:12+00:00\",\"author\":{\"@id\":\"https:\\\/\\\/www.nomilinea.com\\\/blogcms\\\/#\\\/schema\\\/person\\\/dc0a6502ec6557f4865ec80225acd5a1\"},\"breadcrumb\":{\"@id\":\"https:\\\/\\\/www.nomilinea.com\\\/blogcms\\\/ano-fiscal-2025-cambios-clave-que-impactan-tu-nomina\\\/#breadcrumb\"},\"inLanguage\":\"es\",\"potentialAction\":[{\"@type\":\"ReadAction\",\"target\":[\"https:\\\/\\\/www.nomilinea.com\\\/blogcms\\\/ano-fiscal-2025-cambios-clave-que-impactan-tu-nomina\\\/\"]}]},{\"@type\":\"ImageObject\",\"inLanguage\":\"es\",\"@id\":\"https:\\\/\\\/www.nomilinea.com\\\/blogcms\\\/ano-fiscal-2025-cambios-clave-que-impactan-tu-nomina\\\/#primaryimage\",\"url\":\"https:\\\/\\\/www.nomilinea.com\\\/blogcms\\\/wp-content\\\/uploads\\\/2025\\\/04\\\/An\u0303o-fiscal-nomilinea-scaled.jpg\",\"contentUrl\":\"https:\\\/\\\/www.nomilinea.com\\\/blogcms\\\/wp-content\\\/uploads\\\/2025\\\/04\\\/An\u0303o-fiscal-nomilinea-scaled.jpg\",\"width\":2560,\"height\":1707,\"caption\":\"A\u00f1o Fiscal 2025\"},{\"@type\":\"BreadcrumbList\",\"@id\":\"https:\\\/\\\/www.nomilinea.com\\\/blogcms\\\/ano-fiscal-2025-cambios-clave-que-impactan-tu-nomina\\\/#breadcrumb\",\"itemListElement\":[{\"@type\":\"ListItem\",\"position\":1,\"name\":\"Inicio\",\"item\":\"https:\\\/\\\/www.nomilinea.com\\\/blogcms\\\/\"},{\"@type\":\"ListItem\",\"position\":2,\"name\":\"A\u00f1o Fiscal 2025:Cambios clave que impactan tu n\u00f3mina\"}]},{\"@type\":\"WebSite\",\"@id\":\"https:\\\/\\\/www.nomilinea.com\\\/blogcms\\\/#website\",\"url\":\"https:\\\/\\\/www.nomilinea.com\\\/blogcms\\\/\",\"name\":\"Blog Nomilinea\",\"description\":\"\",\"potentialAction\":[{\"@type\":\"SearchAction\",\"target\":{\"@type\":\"EntryPoint\",\"urlTemplate\":\"https:\\\/\\\/www.nomilinea.com\\\/blogcms\\\/?s={search_term_string}\"},\"query-input\":{\"@type\":\"PropertyValueSpecification\",\"valueRequired\":true,\"valueName\":\"search_term_string\"}}],\"inLanguage\":\"es\"},{\"@type\":\"Person\",\"@id\":\"https:\\\/\\\/www.nomilinea.com\\\/blogcms\\\/#\\\/schema\\\/person\\\/dc0a6502ec6557f4865ec80225acd5a1\",\"name\":\"blog_author\",\"image\":{\"@type\":\"ImageObject\",\"inLanguage\":\"es\",\"@id\":\"https:\\\/\\\/secure.gravatar.com\\\/avatar\\\/768d52574728003410320cb27b6701ef4274ad02a8e20fa31ea0be208310b3d9?s=96&d=mm&r=g\",\"url\":\"https:\\\/\\\/secure.gravatar.com\\\/avatar\\\/768d52574728003410320cb27b6701ef4274ad02a8e20fa31ea0be208310b3d9?s=96&d=mm&r=g\",\"contentUrl\":\"https:\\\/\\\/secure.gravatar.com\\\/avatar\\\/768d52574728003410320cb27b6701ef4274ad02a8e20fa31ea0be208310b3d9?s=96&d=mm&r=g\",\"caption\":\"blog_author\"},\"sameAs\":[\"https:\\\/\\\/app.nomilinea.mx\\\/blogcms\"],\"url\":\"#molongui-disabled-link\"}]}<\/script>\r\n<!-- \/ Yoast SEO plugin. -->","yoast_head_json":{"title":"A\u00f1o Fiscal 2025:Cambios clave que impactan tu n\u00f3mina - Blog Nomilinea","robots":{"index":"index","follow":"follow","max-snippet":"max-snippet:-1","max-image-preview":"max-image-preview:large","max-video-preview":"max-video-preview:-1"},"canonical":"https:\/\/www.nomilinea.com\/blogcms\/ano-fiscal-2025-cambios-clave-que-impactan-tu-nomina\/","og_locale":"es_MX","og_type":"article","og_title":"A\u00f1o Fiscal 2025:Cambios clave que impactan tu n\u00f3mina - Blog Nomilinea","og_description":"El A\u00f1o Fiscal 2025 ya est\u00e1 en marcha, y con \u00e9l, ajustes importantes en salarios, impuestos y regulaciones que afectan directamente la gesti\u00f3n de n\u00f3minas...","og_url":"https:\/\/www.nomilinea.com\/blogcms\/ano-fiscal-2025-cambios-clave-que-impactan-tu-nomina\/","og_site_name":"Blog Nomilinea","article_published_time":"2025-04-08T19:03:10+00:00","article_modified_time":"2026-02-17T18:21:12+00:00","og_image":[{"width":2560,"height":1707,"url":"https:\/\/www.nomilinea.com\/blogcms\/wp-content\/uploads\/2025\/04\/An\u0303o-fiscal-nomilinea-scaled.jpg","type":"image\/jpeg"}],"author":"blog_author","twitter_card":"summary_large_image","twitter_misc":{"Escrito por":"blog_author","Tiempo de lectura":"3 minutos"},"schema":{"@context":"https:\/\/schema.org","@graph":[{"@type":"Article","@id":"https:\/\/www.nomilinea.com\/blogcms\/ano-fiscal-2025-cambios-clave-que-impactan-tu-nomina\/#article","isPartOf":{"@id":"https:\/\/www.nomilinea.com\/blogcms\/ano-fiscal-2025-cambios-clave-que-impactan-tu-nomina\/"},"author":{"name":"blog_author","@id":"https:\/\/www.nomilinea.com\/blogcms\/#\/schema\/person\/dc0a6502ec6557f4865ec80225acd5a1"},"headline":"A\u00f1o Fiscal 2025:Cambios clave que impactan tu n\u00f3mina","datePublished":"2025-04-08T19:03:10+00:00","dateModified":"2026-02-17T18:21:12+00:00","mainEntityOfPage":{"@id":"https:\/\/www.nomilinea.com\/blogcms\/ano-fiscal-2025-cambios-clave-que-impactan-tu-nomina\/"},"wordCount":473,"image":{"@id":"https:\/\/www.nomilinea.com\/blogcms\/ano-fiscal-2025-cambios-clave-que-impactan-tu-nomina\/#primaryimage"},"thumbnailUrl":"https:\/\/www.nomilinea.com\/blogcms\/wp-content\/uploads\/2025\/04\/An\u0303o-fiscal-nomilinea-scaled.jpg","inLanguage":"es"},{"@type":"WebPage","@id":"https:\/\/www.nomilinea.com\/blogcms\/ano-fiscal-2025-cambios-clave-que-impactan-tu-nomina\/","url":"https:\/\/www.nomilinea.com\/blogcms\/ano-fiscal-2025-cambios-clave-que-impactan-tu-nomina\/","name":"A\u00f1o Fiscal 2025:Cambios clave que impactan tu n\u00f3mina - Blog Nomilinea","isPartOf":{"@id":"https:\/\/www.nomilinea.com\/blogcms\/#website"},"primaryImageOfPage":{"@id":"https:\/\/www.nomilinea.com\/blogcms\/ano-fiscal-2025-cambios-clave-que-impactan-tu-nomina\/#primaryimage"},"image":{"@id":"https:\/\/www.nomilinea.com\/blogcms\/ano-fiscal-2025-cambios-clave-que-impactan-tu-nomina\/#primaryimage"},"thumbnailUrl":"https:\/\/www.nomilinea.com\/blogcms\/wp-content\/uploads\/2025\/04\/An\u0303o-fiscal-nomilinea-scaled.jpg","datePublished":"2025-04-08T19:03:10+00:00","dateModified":"2026-02-17T18:21:12+00:00","author":{"@id":"https:\/\/www.nomilinea.com\/blogcms\/#\/schema\/person\/dc0a6502ec6557f4865ec80225acd5a1"},"breadcrumb":{"@id":"https:\/\/www.nomilinea.com\/blogcms\/ano-fiscal-2025-cambios-clave-que-impactan-tu-nomina\/#breadcrumb"},"inLanguage":"es","potentialAction":[{"@type":"ReadAction","target":["https:\/\/www.nomilinea.com\/blogcms\/ano-fiscal-2025-cambios-clave-que-impactan-tu-nomina\/"]}]},{"@type":"ImageObject","inLanguage":"es","@id":"https:\/\/www.nomilinea.com\/blogcms\/ano-fiscal-2025-cambios-clave-que-impactan-tu-nomina\/#primaryimage","url":"https:\/\/www.nomilinea.com\/blogcms\/wp-content\/uploads\/2025\/04\/An\u0303o-fiscal-nomilinea-scaled.jpg","contentUrl":"https:\/\/www.nomilinea.com\/blogcms\/wp-content\/uploads\/2025\/04\/An\u0303o-fiscal-nomilinea-scaled.jpg","width":2560,"height":1707,"caption":"A\u00f1o Fiscal 2025"},{"@type":"BreadcrumbList","@id":"https:\/\/www.nomilinea.com\/blogcms\/ano-fiscal-2025-cambios-clave-que-impactan-tu-nomina\/#breadcrumb","itemListElement":[{"@type":"ListItem","position":1,"name":"Inicio","item":"https:\/\/www.nomilinea.com\/blogcms\/"},{"@type":"ListItem","position":2,"name":"A\u00f1o Fiscal 2025:Cambios clave que impactan tu n\u00f3mina"}]},{"@type":"WebSite","@id":"https:\/\/www.nomilinea.com\/blogcms\/#website","url":"https:\/\/www.nomilinea.com\/blogcms\/","name":"Blog Nomilinea","description":"","potentialAction":[{"@type":"SearchAction","target":{"@type":"EntryPoint","urlTemplate":"https:\/\/www.nomilinea.com\/blogcms\/?s={search_term_string}"},"query-input":{"@type":"PropertyValueSpecification","valueRequired":true,"valueName":"search_term_string"}}],"inLanguage":"es"},{"@type":"Person","@id":"https:\/\/www.nomilinea.com\/blogcms\/#\/schema\/person\/dc0a6502ec6557f4865ec80225acd5a1","name":"blog_author","image":{"@type":"ImageObject","inLanguage":"es","@id":"https:\/\/secure.gravatar.com\/avatar\/768d52574728003410320cb27b6701ef4274ad02a8e20fa31ea0be208310b3d9?s=96&d=mm&r=g","url":"https:\/\/secure.gravatar.com\/avatar\/768d52574728003410320cb27b6701ef4274ad02a8e20fa31ea0be208310b3d9?s=96&d=mm&r=g","contentUrl":"https:\/\/secure.gravatar.com\/avatar\/768d52574728003410320cb27b6701ef4274ad02a8e20fa31ea0be208310b3d9?s=96&d=mm&r=g","caption":"blog_author"},"sameAs":["https:\/\/app.nomilinea.mx\/blogcms"],"url":"#molongui-disabled-link"}]}},"_links":{"self":[{"href":"https:\/\/www.nomilinea.com\/blogcms\/wp-json\/wp\/v2\/posts\/12","targetHints":{"allow":["GET"]}}],"collection":[{"href":"https:\/\/www.nomilinea.com\/blogcms\/wp-json\/wp\/v2\/posts"}],"about":[{"href":"https:\/\/www.nomilinea.com\/blogcms\/wp-json\/wp\/v2\/types\/post"}],"author":[{"embeddable":true,"href":"https:\/\/www.nomilinea.com\/blogcms\/wp-json\/wp\/v2\/users\/1"}],"replies":[{"embeddable":true,"href":"https:\/\/www.nomilinea.com\/blogcms\/wp-json\/wp\/v2\/comments?post=12"}],"version-history":[{"count":7,"href":"https:\/\/www.nomilinea.com\/blogcms\/wp-json\/wp\/v2\/posts\/12\/revisions"}],"predecessor-version":[{"id":534,"href":"https:\/\/www.nomilinea.com\/blogcms\/wp-json\/wp\/v2\/posts\/12\/revisions\/534"}],"wp:featuredmedia":[{"embeddable":true,"href":"https:\/\/www.nomilinea.com\/blogcms\/wp-json\/wp\/v2\/media\/315"}],"wp:attachment":[{"href":"https:\/\/www.nomilinea.com\/blogcms\/wp-json\/wp\/v2\/media?parent=12"}],"wp:term":[{"taxonomy":"category","embeddable":true,"href":"https:\/\/www.nomilinea.com\/blogcms\/wp-json\/wp\/v2\/categories?post=12"},{"taxonomy":"post_tag","embeddable":true,"href":"https:\/\/www.nomilinea.com\/blogcms\/wp-json\/wp\/v2\/tags?post=12"}],"curies":[{"name":"wp","href":"https:\/\/api.w.org\/{rel}","templated":true}]}}